{"id":29255,"date":"2023-05-12T09:30:07","date_gmt":"2023-05-12T09:30:07","guid":{"rendered":"https:\/\/blogdorogeriogomes.com.br\/?p=29255"},"modified":"2023-05-15T13:47:52","modified_gmt":"2023-05-15T13:47:52","slug":"novo-voo-entre-fortaleza-e-aracati-comeca-a-operar-neste-sabado","status":"publish","type":"post","link":"https:\/\/blogdorogeriogomes.com.br\/noticias\/2023\/05\/novo-voo-entre-fortaleza-e-aracati-comeca-a-operar-neste-sabado\/","title":{"rendered":"Novo voo entre Fortaleza e Aracati come\u00e7a a operar neste s\u00e1bado"},"content":{"rendered":"\n<p>Um novo voo entre Fortaleza e Aracati passa a operar neste s\u00e1bado, dia 13 de maio, operado pela Latam em parceria com a Voepass. O an\u00fancio foi feito pelo governador do Cear\u00e1 Elmano de Freitas (PT) e pela secret\u00e1ria do Turismo, Yrwana Albuquerque. <\/p>\n\n\n\n<p>A frequ\u00eancia dia voos ser\u00e1 semanal, saindo do Aeroporto de Fortaleza, \u00e0s 17h45min, em aeronave com capacidade para 70 passageiros e dura\u00e7\u00e3o de 30 minutos. Na volta, os voos saem do Aeroporto Regional Drag\u00e3o do Mar, em Aracati, aos s\u00e1bados, a partir das 18h45min. O custo inicial da passagem \u00e9 de R$ 198,51.<br><\/p>\n\n\n\n<figure class=\"wp-block-image size-full\"><img loading=\"lazy\" decoding=\"async\" width=\"679\" height=\"451\" src=\"https:\/\/blogdorogeriogomes.com.br\/wp-content\/uploads\/2023\/05\/images-3.jpeg\" alt=\"\" class=\"wp-image-29256\" srcset=\"https:\/\/blogdorogeriogomes.com.br\/noticias\/wp-content\/uploads\/2023\/05\/images-3.jpeg 679w, https:\/\/blogdorogeriogomes.com.br\/noticias\/wp-content\/uploads\/2023\/05\/images-3-300x199.jpeg 300w\" sizes=\"auto, (max-width: 679px) 100vw, 679px\" \/><\/figure>\n","protected":false},"excerpt":{"rendered":"<p>Um novo voo entre Fortaleza e Aracati passa a operar neste s\u00e1bado, dia 13 de maio, operado pela Latam em parceria com a Voepass. O an\u00fancio foi feito pelo governador do Cear\u00e1 Elmano de Freitas (PT) e pela secret\u00e1ria do Turismo, Yrwana Albuquerque. A frequ\u00eancia dia voos ser\u00e1 semanal, saindo do Aeroporto de Fortaleza, \u00e0s 17h45min, em aeronave com capacidade para 70 passageiros e dura\u00e7\u00e3o de 30 minutos. Na volta, os voos saem do Aeroporto Regional Drag\u00e3o do Mar,&hellip;<\/p>\n","protected":false},"author":1,"featured_media":29256,"comment_status":"open","ping_status":"open","sticky":false,"template":"","format":"standard","meta":{"footnotes":""},"categories":[1],"tags":[],"class_list":["post-29255","post","type-post","status-publish","format-standard","has-post-thumbnail","hentry","category-noticias"],"_links":{"self":[{"href":"https:\/\/blogdorogeriogomes.com.br\/noticias\/wp-json\/wp\/v2\/posts\/29255","targetHints":{"allow":["GET"]}}],"collection":[{"href":"https:\/\/blogdorogeriogomes.com.br\/noticias\/wp-json\/wp\/v2\/posts"}],"about":[{"href":"https:\/\/blogdorogeriogomes.com.br\/noticias\/wp-json\/wp\/v2\/types\/post"}],"author":[{"embeddable":true,"href":"https:\/\/blogdorogeriogomes.com.br\/noticias\/wp-json\/wp\/v2\/users\/1"}],"replies":[{"embeddable":true,"href":"https:\/\/blogdorogeriogomes.com.br\/noticias\/wp-json\/wp\/v2\/comments?post=29255"}],"version-history":[{"count":2,"href":"https:\/\/blogdorogeriogomes.com.br\/noticias\/wp-json\/wp\/v2\/posts\/29255\/revisions"}],"predecessor-version":[{"id":29258,"href":"https:\/\/blogdorogeriogomes.com.br\/noticias\/wp-json\/wp\/v2\/posts\/29255\/revisions\/29258"}],"wp:featuredmedia":[{"embeddable":true,"href":"https:\/\/blogdorogeriogomes.com.br\/noticias\/wp-json\/wp\/v2\/media\/29256"}],"wp:attachment":[{"href":"https:\/\/blogdorogeriogomes.com.br\/noticias\/wp-json\/wp\/v2\/media?parent=29255"}],"wp:term":[{"taxonomy":"category","embeddable":true,"href":"https:\/\/blogdorogeriogomes.com.br\/noticias\/wp-json\/wp\/v2\/categories?post=29255"},{"taxonomy":"post_tag","embeddable":true,"href":"https:\/\/blogdorogeriogomes.com.br\/noticias\/wp-json\/wp\/v2\/tags?post=29255"}],"curies":[{"name":"wp","href":"https:\/\/api.w.org\/{rel}","templated":true}]}}