{"id":29259,"date":"2023-05-12T09:42:21","date_gmt":"2023-05-12T09:42:21","guid":{"rendered":"https:\/\/blogdorogeriogomes.com.br\/?p=29259"},"modified":"2023-05-15T13:48:09","modified_gmt":"2023-05-15T13:48:09","slug":"ex-bolsonarista-heitor-freire-assume-diretoria-na-sudene-nomeado-por-lula","status":"publish","type":"post","link":"https:\/\/blogdorogeriogomes.com.br\/noticias\/2023\/05\/ex-bolsonarista-heitor-freire-assume-diretoria-na-sudene-nomeado-por-lula\/","title":{"rendered":"Ex-bolsonarista Heitor Freire assume diretoria na Sudene nomeado por Lula"},"content":{"rendered":"\n<p>Em tempos de Governo Lula, o ex-deputado federal Heitor Freire foi nomeado para a diretoria de Gest\u00e3o de Fundos, Incentivos e Atra\u00e7\u00e3o de Investimentos da Superintend\u00eancia de Desenvolvimento do Nordeste. Eleito em 2018, o ex-parlamentar era pr\u00f3ximo do ex-presidente Jair Bolsonaro (PL) e comp\u00f4s a base do governo nos primeiros meses de mandato.&nbsp;<\/p>\n\n\n\n<p>A superintend\u00eancia \u00e9 vinculada ao Minist\u00e9rio da Integra\u00e7\u00e3o de Waldez G\u00f3es. A indica\u00e7\u00e3o de Freire foi feita pelo presidente do Uni\u00e3o Brasil, o deputado Luciano Bivar (PE), que faz parte da base do governo Lula (PT).<\/p>\n\n\n\n<figure class=\"wp-block-image size-full\"><img loading=\"lazy\" decoding=\"async\" width=\"678\" height=\"452\" src=\"https:\/\/blogdorogeriogomes.com.br\/wp-content\/uploads\/2023\/05\/images-4.jpeg\" alt=\"\" class=\"wp-image-29260\" srcset=\"https:\/\/blogdorogeriogomes.com.br\/noticias\/wp-content\/uploads\/2023\/05\/images-4.jpeg 678w, https:\/\/blogdorogeriogomes.com.br\/noticias\/wp-content\/uploads\/2023\/05\/images-4-300x200.jpeg 300w\" sizes=\"auto, (max-width: 678px) 100vw, 678px\" \/><\/figure>\n","protected":false},"excerpt":{"rendered":"<p>Em tempos de Governo Lula, o ex-deputado federal Heitor Freire foi nomeado para a diretoria de Gest\u00e3o de Fundos, Incentivos e Atra\u00e7\u00e3o de Investimentos da Superintend\u00eancia de Desenvolvimento do Nordeste. Eleito em 2018, o ex-parlamentar era pr\u00f3ximo do ex-presidente Jair Bolsonaro (PL) e comp\u00f4s a base do governo nos primeiros meses de mandato.&nbsp; A superintend\u00eancia \u00e9 vinculada ao Minist\u00e9rio da Integra\u00e7\u00e3o de Waldez G\u00f3es. A indica\u00e7\u00e3o de Freire foi feita pelo presidente do Uni\u00e3o Brasil, o deputado Luciano Bivar&hellip;<\/p>\n","protected":false},"author":1,"featured_media":29260,"comment_status":"open","ping_status":"open","sticky":false,"template":"","format":"standard","meta":{"footnotes":""},"categories":[1],"tags":[],"class_list":["post-29259","post","type-post","status-publish","format-standard","has-post-thumbnail","hentry","category-noticias"],"_links":{"self":[{"href":"https:\/\/blogdorogeriogomes.com.br\/noticias\/wp-json\/wp\/v2\/posts\/29259","targetHints":{"allow":["GET"]}}],"collection":[{"href":"https:\/\/blogdorogeriogomes.com.br\/noticias\/wp-json\/wp\/v2\/posts"}],"about":[{"href":"https:\/\/blogdorogeriogomes.com.br\/noticias\/wp-json\/wp\/v2\/types\/post"}],"author":[{"embeddable":true,"href":"https:\/\/blogdorogeriogomes.com.br\/noticias\/wp-json\/wp\/v2\/users\/1"}],"replies":[{"embeddable":true,"href":"https:\/\/blogdorogeriogomes.com.br\/noticias\/wp-json\/wp\/v2\/comments?post=29259"}],"version-history":[{"count":2,"href":"https:\/\/blogdorogeriogomes.com.br\/noticias\/wp-json\/wp\/v2\/posts\/29259\/revisions"}],"predecessor-version":[{"id":29280,"href":"https:\/\/blogdorogeriogomes.com.br\/noticias\/wp-json\/wp\/v2\/posts\/29259\/revisions\/29280"}],"wp:featuredmedia":[{"embeddable":true,"href":"https:\/\/blogdorogeriogomes.com.br\/noticias\/wp-json\/wp\/v2\/media\/29260"}],"wp:attachment":[{"href":"https:\/\/blogdorogeriogomes.com.br\/noticias\/wp-json\/wp\/v2\/media?parent=29259"}],"wp:term":[{"taxonomy":"category","embeddable":true,"href":"https:\/\/blogdorogeriogomes.com.br\/noticias\/wp-json\/wp\/v2\/categories?post=29259"},{"taxonomy":"post_tag","embeddable":true,"href":"https:\/\/blogdorogeriogomes.com.br\/noticias\/wp-json\/wp\/v2\/tags?post=29259"}],"curies":[{"name":"wp","href":"https:\/\/api.w.org\/{rel}","templated":true}]}}