{"id":29262,"date":"2023-05-12T19:07:03","date_gmt":"2023-05-12T19:07:03","guid":{"rendered":"https:\/\/blogdorogeriogomes.com.br\/?p=29262"},"modified":"2023-05-15T13:48:19","modified_gmt":"2023-05-15T13:48:19","slug":"lula-lanca-programa-nacional-de-escola-de-tempo-integral-no-ceara-e-anuncia-liberacao-de-recursos-para-construcao-e-reforma-de-unidades-de-ensino","status":"publish","type":"post","link":"https:\/\/blogdorogeriogomes.com.br\/noticias\/2023\/05\/lula-lanca-programa-nacional-de-escola-de-tempo-integral-no-ceara-e-anuncia-liberacao-de-recursos-para-construcao-e-reforma-de-unidades-de-ensino\/","title":{"rendered":"Lula lan\u00e7a programa nacional de escola de tempo integral no Cear\u00e1 e anuncia libera\u00e7\u00e3o de recursos para constru\u00e7\u00e3o e reforma de unidades de ensino"},"content":{"rendered":"\n<p>O presidente Lula (PT) esteve nesta sexta-feira, dia 12 de maio, no Cear\u00e1 para o lan\u00e7amento de um programa nacional de escola em tempo integral e a libera\u00e7\u00e3o de recursos para a recupera\u00e7\u00e3o de unidades escolares em todo o Pa\u00eds.<\/p>\n\n\n\n<p>A primeira agenda do presidente Lula foi numa escola de ensino m\u00e9dio em tempo integral no bairro Luciano Cavalcante, em Fortaleza. A unidade de refer\u00eancia foi implantada quando o atual ministro da Educa\u00e7\u00e3o, Camilo Santana, era governador do Cear\u00e1. Em solenidade com a presen\u00e7a de ministros e v\u00e1rios governadores do Nordeste, no Centro de Eventos do Cear\u00e1, Lula lan\u00e7ou um programa de implanta\u00e7\u00e3o de escolas de tempo integral em todo o Pa\u00eds. O Cear\u00e1 \u00e9 refer\u00eancia na iniciativa com 70% de escolas da rede estadual contempladas com o ensino em dois turnos.<\/p>\n\n\n\n<p>O ministro da Educa\u00e7\u00e3o, Camilo Santana, ressaltou as a\u00e7\u00f5es do Governo Federal para o setor nos quatro primeiros meses de Lula enfatizou tamb\u00e9m os investimentos j\u00e1 feitos para reduzir a viol\u00eancia nas escolas.<br>Al\u00e9m de anunciar investimentos em educa\u00e7\u00e3o, o presidente Lula voltou a destacar aqui no Cear\u00e1 a inten\u00e7\u00e3o do Governo conquistar a privatiza\u00e7\u00e3o da Eletrobras que, segundo ele, \u00e9 prejudicial ao Pa\u00eds.<\/p>\n\n\n\n<p>O presidente ainda falou sobre as dificuldades de ter o apoio da maioria nas vota\u00e7\u00f5es do Congresso. Para ele, a solu\u00e7\u00e3o \u00e9 conversar com todos os parlamentares, n\u00e3o importa o partido.<\/p>\n\n\n\n<p>De Fortaleza, Lula seguiu para o munic\u00edpio de Crato, na regi\u00e3o do Cariri cearense, onde lan\u00e7ou um pacote obras para reforma e constru\u00e7\u00e3o de novas unidades, com um investimento de R$ 4 bilh\u00f5es de reais.<\/p>\n\n\n\n<figure class=\"wp-block-image size-large\"><img loading=\"lazy\" decoding=\"async\" width=\"1024\" height=\"683\" src=\"https:\/\/blogdorogeriogomes.com.br\/wp-content\/uploads\/2023\/05\/230512_PRES-LULA-CEC_CG6952-1200x800-1-1024x683.jpg\" alt=\"\" class=\"wp-image-29263\" srcset=\"https:\/\/blogdorogeriogomes.com.br\/noticias\/wp-content\/uploads\/2023\/05\/230512_PRES-LULA-CEC_CG6952-1200x800-1-1024x683.jpg 1024w, https:\/\/blogdorogeriogomes.com.br\/noticias\/wp-content\/uploads\/2023\/05\/230512_PRES-LULA-CEC_CG6952-1200x800-1-300x200.jpg 300w, https:\/\/blogdorogeriogomes.com.br\/noticias\/wp-content\/uploads\/2023\/05\/230512_PRES-LULA-CEC_CG6952-1200x800-1-768x512.jpg 768w, https:\/\/blogdorogeriogomes.com.br\/noticias\/wp-content\/uploads\/2023\/05\/230512_PRES-LULA-CEC_CG6952-1200x800-1-800x533.jpg 800w, https:\/\/blogdorogeriogomes.com.br\/noticias\/wp-content\/uploads\/2023\/05\/230512_PRES-LULA-CEC_CG6952-1200x800-1.jpg 1200w\" sizes=\"auto, (max-width: 1024px) 100vw, 1024px\" \/><\/figure>\n","protected":false},"excerpt":{"rendered":"<p>O presidente Lula (PT) esteve nesta sexta-feira, dia 12 de maio, no Cear\u00e1 para o lan\u00e7amento de um programa nacional de escola em tempo integral e a libera\u00e7\u00e3o de recursos para a recupera\u00e7\u00e3o de unidades escolares em todo o Pa\u00eds. A primeira agenda do presidente Lula foi numa escola de ensino m\u00e9dio em tempo integral no bairro Luciano Cavalcante, em Fortaleza. A unidade de refer\u00eancia foi implantada quando o atual ministro da Educa\u00e7\u00e3o, Camilo Santana, era governador do Cear\u00e1.&hellip;<\/p>\n","protected":false},"author":1,"featured_media":29263,"comment_status":"open","ping_status":"open","sticky":false,"template":"","format":"standard","meta":{"footnotes":""},"categories":[1],"tags":[],"class_list":["post-29262","post","type-post","status-publish","format-standard","has-post-thumbnail","hentry","category-noticias"],"_links":{"self":[{"href":"https:\/\/blogdorogeriogomes.com.br\/noticias\/wp-json\/wp\/v2\/posts\/29262","targetHints":{"allow":["GET"]}}],"collection":[{"href":"https:\/\/blogdorogeriogomes.com.br\/noticias\/wp-json\/wp\/v2\/posts"}],"about":[{"href":"https:\/\/blogdorogeriogomes.com.br\/noticias\/wp-json\/wp\/v2\/types\/post"}],"author":[{"embeddable":true,"href":"https:\/\/blogdorogeriogomes.com.br\/noticias\/wp-json\/wp\/v2\/users\/1"}],"replies":[{"embeddable":true,"href":"https:\/\/blogdorogeriogomes.com.br\/noticias\/wp-json\/wp\/v2\/comments?post=29262"}],"version-history":[{"count":1,"href":"https:\/\/blogdorogeriogomes.com.br\/noticias\/wp-json\/wp\/v2\/posts\/29262\/revisions"}],"predecessor-version":[{"id":29264,"href":"https:\/\/blogdorogeriogomes.com.br\/noticias\/wp-json\/wp\/v2\/posts\/29262\/revisions\/29264"}],"wp:featuredmedia":[{"embeddable":true,"href":"https:\/\/blogdorogeriogomes.com.br\/noticias\/wp-json\/wp\/v2\/media\/29263"}],"wp:attachment":[{"href":"https:\/\/blogdorogeriogomes.com.br\/noticias\/wp-json\/wp\/v2\/media?parent=29262"}],"wp:term":[{"taxonomy":"category","embeddable":true,"href":"https:\/\/blogdorogeriogomes.com.br\/noticias\/wp-json\/wp\/v2\/categories?post=29262"},{"taxonomy":"post_tag","embeddable":true,"href":"https:\/\/blogdorogeriogomes.com.br\/noticias\/wp-json\/wp\/v2\/tags?post=29262"}],"curies":[{"name":"wp","href":"https:\/\/api.w.org\/{rel}","templated":true}]}}