{"id":29265,"date":"2023-05-13T09:25:55","date_gmt":"2023-05-13T09:25:55","guid":{"rendered":"https:\/\/blogdorogeriogomes.com.br\/?p=29265"},"modified":"2023-05-13T09:25:56","modified_gmt":"2023-05-13T09:25:56","slug":"deputado-do-pl-recepciona-lula-em-juazeiro-do-norte-e-deixa-bolsonaristas-irritados","status":"publish","type":"post","link":"https:\/\/blogdorogeriogomes.com.br\/noticias\/2023\/05\/deputado-do-pl-recepciona-lula-em-juazeiro-do-norte-e-deixa-bolsonaristas-irritados\/","title":{"rendered":"Deputado do PL recepciona Lula em Juazeiro do Norte e deixa bolsonaristas irritados"},"content":{"rendered":"\n<p>O deputado federal Yuri do Pared\u00e3o, que \u00e9 do PL do ex-presidente Jair Bolsonaro, irritou seus colegas de partido ao recepcionar e posar para uma foto ao lado do presidente\u00a0Lula, que cumpriu agenda nesta sexta-feira, dia 12 de maio no Cear\u00e1. O encontro aconteceu na chegada de Lula a Juazeiro do Norte. Yuri apareceu na foto ao lado ainda do ministro da Educa\u00e7\u00e3o,\u00a0Camilo Santana; do l\u00edder do governo na C\u00e2mara, deputado federal Jos\u00e9 Guimar\u00e3es; e do governador do Cear\u00e1, Elmano de Freitas.\u00a0<\/p>\n\n\n\n<p>O deputado\u00a0federal Andr\u00e9 Fernandes (PL-CE), por exemplo, j\u00e1 est\u00e1 pedindo publicamente a expuls\u00e3o de Yuri do Pared\u00e3o pela postura amig\u00e1vel com Lula.  &#8220;Quem tem &#8216;honra&#8217; em receber Lula, n\u00e3o tem honra para permanecer no nosso partido&#8221;, disse Fernandes.<\/p>\n\n\n\n<figure class=\"wp-block-image size-large\"><img loading=\"lazy\" decoding=\"async\" width=\"819\" height=\"1024\" src=\"https:\/\/blogdorogeriogomes.com.br\/wp-content\/uploads\/2023\/05\/IMG-20230513-WA0003-819x1024.jpg\" alt=\"\" class=\"wp-image-29266\" srcset=\"https:\/\/blogdorogeriogomes.com.br\/noticias\/wp-content\/uploads\/2023\/05\/IMG-20230513-WA0003-819x1024.jpg 819w, https:\/\/blogdorogeriogomes.com.br\/noticias\/wp-content\/uploads\/2023\/05\/IMG-20230513-WA0003-240x300.jpg 240w, https:\/\/blogdorogeriogomes.com.br\/noticias\/wp-content\/uploads\/2023\/05\/IMG-20230513-WA0003-768x960.jpg 768w, https:\/\/blogdorogeriogomes.com.br\/noticias\/wp-content\/uploads\/2023\/05\/IMG-20230513-WA0003-800x1000.jpg 800w, https:\/\/blogdorogeriogomes.com.br\/noticias\/wp-content\/uploads\/2023\/05\/IMG-20230513-WA0003.jpg 1080w\" sizes=\"auto, (max-width: 819px) 100vw, 819px\" \/><\/figure>\n","protected":false},"excerpt":{"rendered":"<p>O deputado federal Yuri do Pared\u00e3o, que \u00e9 do PL do ex-presidente Jair Bolsonaro, irritou seus colegas de partido ao recepcionar e posar para uma foto ao lado do presidente\u00a0Lula, que cumpriu agenda nesta sexta-feira, dia 12 de maio no Cear\u00e1. O encontro aconteceu na chegada de Lula a Juazeiro do Norte. Yuri apareceu na foto ao lado ainda do ministro da Educa\u00e7\u00e3o,\u00a0Camilo Santana; do l\u00edder do governo na C\u00e2mara, deputado federal Jos\u00e9 Guimar\u00e3es; e do governador do Cear\u00e1,&hellip;<\/p>\n","protected":false},"author":1,"featured_media":0,"comment_status":"open","ping_status":"open","sticky":false,"template":"","format":"standard","meta":{"footnotes":""},"categories":[1],"tags":[],"class_list":["post-29265","post","type-post","status-publish","format-standard","hentry","category-noticias"],"_links":{"self":[{"href":"https:\/\/blogdorogeriogomes.com.br\/noticias\/wp-json\/wp\/v2\/posts\/29265","targetHints":{"allow":["GET"]}}],"collection":[{"href":"https:\/\/blogdorogeriogomes.com.br\/noticias\/wp-json\/wp\/v2\/posts"}],"about":[{"href":"https:\/\/blogdorogeriogomes.com.br\/noticias\/wp-json\/wp\/v2\/types\/post"}],"author":[{"embeddable":true,"href":"https:\/\/blogdorogeriogomes.com.br\/noticias\/wp-json\/wp\/v2\/users\/1"}],"replies":[{"embeddable":true,"href":"https:\/\/blogdorogeriogomes.com.br\/noticias\/wp-json\/wp\/v2\/comments?post=29265"}],"version-history":[{"count":1,"href":"https:\/\/blogdorogeriogomes.com.br\/noticias\/wp-json\/wp\/v2\/posts\/29265\/revisions"}],"predecessor-version":[{"id":29267,"href":"https:\/\/blogdorogeriogomes.com.br\/noticias\/wp-json\/wp\/v2\/posts\/29265\/revisions\/29267"}],"wp:attachment":[{"href":"https:\/\/blogdorogeriogomes.com.br\/noticias\/wp-json\/wp\/v2\/media?parent=29265"}],"wp:term":[{"taxonomy":"category","embeddable":true,"href":"https:\/\/blogdorogeriogomes.com.br\/noticias\/wp-json\/wp\/v2\/categories?post=29265"},{"taxonomy":"post_tag","embeddable":true,"href":"https:\/\/blogdorogeriogomes.com.br\/noticias\/wp-json\/wp\/v2\/tags?post=29265"}],"curies":[{"name":"wp","href":"https:\/\/api.w.org\/{rel}","templated":true}]}}