{"id":29268,"date":"2023-05-13T09:54:07","date_gmt":"2023-05-13T09:54:07","guid":{"rendered":"https:\/\/blogdorogeriogomes.com.br\/?p=29268"},"modified":"2023-05-15T13:48:32","modified_gmt":"2023-05-15T13:48:32","slug":"fortaleza-tem-dois-postos-de-saude-de-plantao-para-aplicar-vacinas-no-fim-de-semana","status":"publish","type":"post","link":"https:\/\/blogdorogeriogomes.com.br\/noticias\/2023\/05\/fortaleza-tem-dois-postos-de-saude-de-plantao-para-aplicar-vacinas-no-fim-de-semana\/","title":{"rendered":"Fortaleza tem dois postos de sa\u00fade de plant\u00e3o para aplicar vacinas no fim de semana"},"content":{"rendered":"\n<p>Dois postos de sa\u00fade municipais em Fortaleza estar\u00e3o de plant\u00e3o neste s\u00e1bado, dia 13 de maio, e domingo, dia 14, para realizar a vacina\u00e7\u00e3o de rotina, antirr\u00e1bica e contra a Covid-19. O hor\u00e1rio dispon\u00edvel \u00e9 das 8 horas \u00e0s 16h30min. Est\u00e3o dispon\u00edveis os postos Irm\u00e3 Herc\u00edlia, na rua Frei Vidal, n\u00b0 1821 , bairro S\u00e3o Jo\u00e3o do Tauape; e Mattos Dourado, na rua Desembargador Floriano Benevides Magalh\u00e3es, n\u00b0 391, bairro Edson Queiroz.<\/p>\n\n\n\n<p>A vacina contra a Influenza, conhecida como vacina contra a gripe, agora pode ser tomada por todos os p\u00fablicos, em Fortaleza. A Prefeitura ampliou a campanha para quem tem mais de seis meses de idade. A aplica\u00e7\u00e3o come\u00e7a a partir da segunda-feira, dia 15.<\/p>\n\n\n\n<figure class=\"wp-block-image size-full\"><img loading=\"lazy\" decoding=\"async\" width=\"818\" height=\"459\" src=\"https:\/\/blogdorogeriogomes.com.br\/wp-content\/uploads\/2023\/05\/1_img_5760_66009-21964708.jpg\" alt=\"\" class=\"wp-image-29269\" srcset=\"https:\/\/blogdorogeriogomes.com.br\/noticias\/wp-content\/uploads\/2023\/05\/1_img_5760_66009-21964708.jpg 818w, https:\/\/blogdorogeriogomes.com.br\/noticias\/wp-content\/uploads\/2023\/05\/1_img_5760_66009-21964708-300x168.jpg 300w, https:\/\/blogdorogeriogomes.com.br\/noticias\/wp-content\/uploads\/2023\/05\/1_img_5760_66009-21964708-768x431.jpg 768w, https:\/\/blogdorogeriogomes.com.br\/noticias\/wp-content\/uploads\/2023\/05\/1_img_5760_66009-21964708-800x449.jpg 800w\" sizes=\"auto, (max-width: 818px) 100vw, 818px\" \/><\/figure>\n","protected":false},"excerpt":{"rendered":"<p>Dois postos de sa\u00fade municipais em Fortaleza estar\u00e3o de plant\u00e3o neste s\u00e1bado, dia 13 de maio, e domingo, dia 14, para realizar a vacina\u00e7\u00e3o de rotina, antirr\u00e1bica e contra a Covid-19. O hor\u00e1rio dispon\u00edvel \u00e9 das 8 horas \u00e0s 16h30min. Est\u00e3o dispon\u00edveis os postos Irm\u00e3 Herc\u00edlia, na rua Frei Vidal, n\u00b0 1821 , bairro S\u00e3o Jo\u00e3o do Tauape; e Mattos Dourado, na rua Desembargador Floriano Benevides Magalh\u00e3es, n\u00b0 391, bairro Edson Queiroz. A vacina contra a Influenza, conhecida como&hellip;<\/p>\n","protected":false},"author":1,"featured_media":29269,"comment_status":"open","ping_status":"open","sticky":false,"template":"","format":"standard","meta":{"footnotes":""},"categories":[1],"tags":[],"class_list":["post-29268","post","type-post","status-publish","format-standard","has-post-thumbnail","hentry","category-noticias"],"_links":{"self":[{"href":"https:\/\/blogdorogeriogomes.com.br\/noticias\/wp-json\/wp\/v2\/posts\/29268","targetHints":{"allow":["GET"]}}],"collection":[{"href":"https:\/\/blogdorogeriogomes.com.br\/noticias\/wp-json\/wp\/v2\/posts"}],"about":[{"href":"https:\/\/blogdorogeriogomes.com.br\/noticias\/wp-json\/wp\/v2\/types\/post"}],"author":[{"embeddable":true,"href":"https:\/\/blogdorogeriogomes.com.br\/noticias\/wp-json\/wp\/v2\/users\/1"}],"replies":[{"embeddable":true,"href":"https:\/\/blogdorogeriogomes.com.br\/noticias\/wp-json\/wp\/v2\/comments?post=29268"}],"version-history":[{"count":1,"href":"https:\/\/blogdorogeriogomes.com.br\/noticias\/wp-json\/wp\/v2\/posts\/29268\/revisions"}],"predecessor-version":[{"id":29270,"href":"https:\/\/blogdorogeriogomes.com.br\/noticias\/wp-json\/wp\/v2\/posts\/29268\/revisions\/29270"}],"wp:featuredmedia":[{"embeddable":true,"href":"https:\/\/blogdorogeriogomes.com.br\/noticias\/wp-json\/wp\/v2\/media\/29269"}],"wp:attachment":[{"href":"https:\/\/blogdorogeriogomes.com.br\/noticias\/wp-json\/wp\/v2\/media?parent=29268"}],"wp:term":[{"taxonomy":"category","embeddable":true,"href":"https:\/\/blogdorogeriogomes.com.br\/noticias\/wp-json\/wp\/v2\/categories?post=29268"},{"taxonomy":"post_tag","embeddable":true,"href":"https:\/\/blogdorogeriogomes.com.br\/noticias\/wp-json\/wp\/v2\/tags?post=29268"}],"curies":[{"name":"wp","href":"https:\/\/api.w.org\/{rel}","templated":true}]}}