{"id":29275,"date":"2023-05-15T11:56:30","date_gmt":"2023-05-15T11:56:30","guid":{"rendered":"https:\/\/blogdorogeriogomes.com.br\/?p=29275"},"modified":"2023-05-15T13:48:51","modified_gmt":"2023-05-15T13:48:51","slug":"projeto-grandes-debates-discute-o-problema-da-violencia-nas-escolas","status":"publish","type":"post","link":"https:\/\/blogdorogeriogomes.com.br\/noticias\/2023\/05\/projeto-grandes-debates-discute-o-problema-da-violencia-nas-escolas\/","title":{"rendered":"Projeto Grandes Debates discute o problema da viol\u00eancia nas escolas"},"content":{"rendered":"\n<p>O projeto \u201cGrandes Debates \u2013 Parlamento Protagonista\u201d deste m\u00eas de maio, traz como tema \u201cViol\u00eancia nas Escolas: Perguntas e Respostas\u201d. Os convidados s\u00e3o Elizabeth Maria Almeida de Oliveira, Procuradora de Justi\u00e7a; Ricardo Moura, Jornalista e cientista social e Guilherme Sampaio, deputado estadual. Com media\u00e7\u00e3o do jornalista Ruy Lima, o debate ser\u00e1 exibido nesta ter\u00e7a-feira, dia 16 de maio, \u00e0s 21h, pela TV Assembleia, R\u00e1dio Assembleia e Redes Sociais da Casa. A coordena\u00e7\u00e3o do \u201cGrandes Debates\u201d \u00e9 do Conselho de Altos Estudos e Assuntos Estrat\u00e9gicos, \u00f3rg\u00e3o da Assembleia Legislativa, sob a presid\u00eancia do deputado estadual Davi de Raimund\u00e3o.&nbsp;<\/p>\n\n\n\n<p>O cen\u00e1rio de viol\u00eancia no \u00e2mbito escolar teve seu quadro agravado com a eclos\u00e3o da pandemia da Covid-19, fato que ensejou redefini\u00e7\u00f5es de atua\u00e7\u00e3o e a\u00e7\u00f5es conjuntas, coordenadas e articuladas de diversos setores da sociedade. Em 2020, com a lei estadual n\u00ba 17.253, surgiu o Projeto PREVINE \u2013 Viol\u00eancia nas Escolas, n\u00e3o!, que autorizou a cria\u00e7\u00e3o das Comiss\u00f5es de Prote\u00e7\u00e3o e Preven\u00e7\u00e3o \u00e0 Viol\u00eancia contra a Crian\u00e7a e o Adolescente nas escolas da rede p\u00fablica e privada do Cear\u00e1. O objetivo deste projeto \u00e9 fomentar e acompanhar a implementa\u00e7\u00e3o das comiss\u00f5es nas escolas, sejam p\u00fablicas ou privadas e contribuir para um ambiente escolar seguro, de promo\u00e7\u00e3o da cultura de paz e de acolhimento para crian\u00e7as e adolescentes.&nbsp;<\/p>\n\n\n\n<p>Segundo a procuradora Elizabeth de Oliveira, o intuito do Previne \u00e9 impedir e\/ou minimizar os conflitos e seus impactos nessas situa\u00e7\u00f5es de viol\u00eancia, na vida escolar de crian\u00e7as, adolescentes e suas fam\u00edlias. \u201cO Projeto PREVINE \u00e9 mais uma iniciativa do Centro de Apoio para que os munic\u00edpios do estado do Cear\u00e1 avancem nessa vertente educacional e tenham planejamento adequado e monitoramento cont\u00ednuo, com mecanismos de apoio aos gestores e refor\u00e7o da intersetorialidade da educa\u00e7\u00e3o, a fim de que as escolas mantenham a\u00e7\u00f5es permanentes de sensibiliza\u00e7\u00e3o e forma\u00e7\u00e3o da Comunidade Escolar para preven\u00e7\u00e3o \u00e0 viol\u00eancia e promo\u00e7\u00e3o dos direitos da crian\u00e7a e do adolescente\u201d, explica.<\/p>\n\n\n\n<figure class=\"wp-block-image size-full\"><img loading=\"lazy\" decoding=\"async\" width=\"678\" height=\"452\" src=\"https:\/\/blogdorogeriogomes.com.br\/wp-content\/uploads\/2023\/05\/images-1-1.jpeg\" alt=\"\" class=\"wp-image-29276\" srcset=\"https:\/\/blogdorogeriogomes.com.br\/noticias\/wp-content\/uploads\/2023\/05\/images-1-1.jpeg 678w, https:\/\/blogdorogeriogomes.com.br\/noticias\/wp-content\/uploads\/2023\/05\/images-1-1-300x200.jpeg 300w\" sizes=\"auto, (max-width: 678px) 100vw, 678px\" \/><\/figure>\n","protected":false},"excerpt":{"rendered":"<p>O projeto \u201cGrandes Debates \u2013 Parlamento Protagonista\u201d deste m\u00eas de maio, traz como tema \u201cViol\u00eancia nas Escolas: Perguntas e Respostas\u201d. Os convidados s\u00e3o Elizabeth Maria Almeida de Oliveira, Procuradora de Justi\u00e7a; Ricardo Moura, Jornalista e cientista social e Guilherme Sampaio, deputado estadual. Com media\u00e7\u00e3o do jornalista Ruy Lima, o debate ser\u00e1 exibido nesta ter\u00e7a-feira, dia 16 de maio, \u00e0s 21h, pela TV Assembleia, R\u00e1dio Assembleia e Redes Sociais da Casa. A coordena\u00e7\u00e3o do \u201cGrandes Debates\u201d \u00e9 do Conselho de&hellip;<\/p>\n","protected":false},"author":1,"featured_media":29276,"comment_status":"open","ping_status":"open","sticky":false,"template":"","format":"standard","meta":{"footnotes":""},"categories":[1],"tags":[],"class_list":["post-29275","post","type-post","status-publish","format-standard","has-post-thumbnail","hentry","category-noticias"],"_links":{"self":[{"href":"https:\/\/blogdorogeriogomes.com.br\/noticias\/wp-json\/wp\/v2\/posts\/29275","targetHints":{"allow":["GET"]}}],"collection":[{"href":"https:\/\/blogdorogeriogomes.com.br\/noticias\/wp-json\/wp\/v2\/posts"}],"about":[{"href":"https:\/\/blogdorogeriogomes.com.br\/noticias\/wp-json\/wp\/v2\/types\/post"}],"author":[{"embeddable":true,"href":"https:\/\/blogdorogeriogomes.com.br\/noticias\/wp-json\/wp\/v2\/users\/1"}],"replies":[{"embeddable":true,"href":"https:\/\/blogdorogeriogomes.com.br\/noticias\/wp-json\/wp\/v2\/comments?post=29275"}],"version-history":[{"count":1,"href":"https:\/\/blogdorogeriogomes.com.br\/noticias\/wp-json\/wp\/v2\/posts\/29275\/revisions"}],"predecessor-version":[{"id":29277,"href":"https:\/\/blogdorogeriogomes.com.br\/noticias\/wp-json\/wp\/v2\/posts\/29275\/revisions\/29277"}],"wp:featuredmedia":[{"embeddable":true,"href":"https:\/\/blogdorogeriogomes.com.br\/noticias\/wp-json\/wp\/v2\/media\/29276"}],"wp:attachment":[{"href":"https:\/\/blogdorogeriogomes.com.br\/noticias\/wp-json\/wp\/v2\/media?parent=29275"}],"wp:term":[{"taxonomy":"category","embeddable":true,"href":"https:\/\/blogdorogeriogomes.com.br\/noticias\/wp-json\/wp\/v2\/categories?post=29275"},{"taxonomy":"post_tag","embeddable":true,"href":"https:\/\/blogdorogeriogomes.com.br\/noticias\/wp-json\/wp\/v2\/tags?post=29275"}],"curies":[{"name":"wp","href":"https:\/\/api.w.org\/{rel}","templated":true}]}}