{"id":29287,"date":"2023-05-16T00:11:10","date_gmt":"2023-05-16T00:11:10","guid":{"rendered":"https:\/\/blogdorogeriogomes.com.br\/?p=29287"},"modified":"2023-05-16T18:24:50","modified_gmt":"2023-05-16T18:24:50","slug":"elmano-de-freitas-se-reune-com-representantes-do-movimento-dos-atingidos-por-barragens","status":"publish","type":"post","link":"https:\/\/blogdorogeriogomes.com.br\/noticias\/2023\/05\/elmano-de-freitas-se-reune-com-representantes-do-movimento-dos-atingidos-por-barragens\/","title":{"rendered":"Elmano de Freitas se re\u00fane com representantes do Movimento dos Atingidos por Barragens"},"content":{"rendered":"\n<p>O governador Elmano de Freitas se reuniu, nesta segunda-feira, dia 15 de maio, com representantes do Movimento dos Atingidos por Barragens (MAB), liderados pelo coordenador Josivaldo Alves, acompanhados pelo deputado estadual De Assis Martins (PT). \u201cCom di\u00e1logo, estamos encontrando os caminhos para atender as pautas destes trabalhadores e trabalhadoras que fazem a agricultura familiar nestas regi\u00f5es. Nosso compromisso \u00e9 sempre conversar com os movimentos sociais para conhecer de perto as principais demandas e necessidades de cada um\u201d, explica De Assis, que h\u00e1 anos est\u00e1 junto da luta do MAB.<\/p>\n\n\n\n<p>Tamb\u00e9m participaram da reuni\u00e3o a deputada estadual Larissa Gaspar; o assessor especial da chefia de gabinete, Nelson Martins; o secret\u00e1rio executivo de articula\u00e7\u00e3o pol\u00edtica e participa\u00e7\u00e3o social, Miguel Braz; e outras representa\u00e7\u00f5es estaduais.<\/p>\n\n\n\n<figure class=\"wp-block-image size-large\"><img loading=\"lazy\" decoding=\"async\" width=\"1024\" height=\"688\" src=\"https:\/\/blogdorogeriogomes.com.br\/wp-content\/uploads\/2023\/05\/IMG-20230515-WA0181-1024x688.jpg\" alt=\"\" class=\"wp-image-29288\" srcset=\"https:\/\/blogdorogeriogomes.com.br\/noticias\/wp-content\/uploads\/2023\/05\/IMG-20230515-WA0181-1024x688.jpg 1024w, https:\/\/blogdorogeriogomes.com.br\/noticias\/wp-content\/uploads\/2023\/05\/IMG-20230515-WA0181-300x202.jpg 300w, https:\/\/blogdorogeriogomes.com.br\/noticias\/wp-content\/uploads\/2023\/05\/IMG-20230515-WA0181-768x516.jpg 768w, https:\/\/blogdorogeriogomes.com.br\/noticias\/wp-content\/uploads\/2023\/05\/IMG-20230515-WA0181-800x537.jpg 800w, https:\/\/blogdorogeriogomes.com.br\/noticias\/wp-content\/uploads\/2023\/05\/IMG-20230515-WA0181.jpg 1417w\" sizes=\"auto, (max-width: 1024px) 100vw, 1024px\" \/><\/figure>\n","protected":false},"excerpt":{"rendered":"<p>O governador Elmano de Freitas se reuniu, nesta segunda-feira, dia 15 de maio, com representantes do Movimento dos Atingidos por Barragens (MAB), liderados pelo coordenador Josivaldo Alves, acompanhados pelo deputado estadual De Assis Martins (PT). \u201cCom di\u00e1logo, estamos encontrando os caminhos para atender as pautas destes trabalhadores e trabalhadoras que fazem a agricultura familiar nestas regi\u00f5es. Nosso compromisso \u00e9 sempre conversar com os movimentos sociais para conhecer de perto as principais demandas e necessidades de cada um\u201d, explica De&hellip;<\/p>\n","protected":false},"author":1,"featured_media":29288,"comment_status":"open","ping_status":"open","sticky":false,"template":"","format":"standard","meta":{"footnotes":""},"categories":[1],"tags":[],"class_list":["post-29287","post","type-post","status-publish","format-standard","has-post-thumbnail","hentry","category-noticias"],"_links":{"self":[{"href":"https:\/\/blogdorogeriogomes.com.br\/noticias\/wp-json\/wp\/v2\/posts\/29287","targetHints":{"allow":["GET"]}}],"collection":[{"href":"https:\/\/blogdorogeriogomes.com.br\/noticias\/wp-json\/wp\/v2\/posts"}],"about":[{"href":"https:\/\/blogdorogeriogomes.com.br\/noticias\/wp-json\/wp\/v2\/types\/post"}],"author":[{"embeddable":true,"href":"https:\/\/blogdorogeriogomes.com.br\/noticias\/wp-json\/wp\/v2\/users\/1"}],"replies":[{"embeddable":true,"href":"https:\/\/blogdorogeriogomes.com.br\/noticias\/wp-json\/wp\/v2\/comments?post=29287"}],"version-history":[{"count":1,"href":"https:\/\/blogdorogeriogomes.com.br\/noticias\/wp-json\/wp\/v2\/posts\/29287\/revisions"}],"predecessor-version":[{"id":29289,"href":"https:\/\/blogdorogeriogomes.com.br\/noticias\/wp-json\/wp\/v2\/posts\/29287\/revisions\/29289"}],"wp:featuredmedia":[{"embeddable":true,"href":"https:\/\/blogdorogeriogomes.com.br\/noticias\/wp-json\/wp\/v2\/media\/29288"}],"wp:attachment":[{"href":"https:\/\/blogdorogeriogomes.com.br\/noticias\/wp-json\/wp\/v2\/media?parent=29287"}],"wp:term":[{"taxonomy":"category","embeddable":true,"href":"https:\/\/blogdorogeriogomes.com.br\/noticias\/wp-json\/wp\/v2\/categories?post=29287"},{"taxonomy":"post_tag","embeddable":true,"href":"https:\/\/blogdorogeriogomes.com.br\/noticias\/wp-json\/wp\/v2\/tags?post=29287"}],"curies":[{"name":"wp","href":"https:\/\/api.w.org\/{rel}","templated":true}]}}