{"id":29290,"date":"2023-05-16T00:21:34","date_gmt":"2023-05-16T00:21:34","guid":{"rendered":"https:\/\/blogdorogeriogomes.com.br\/?p=29290"},"modified":"2023-05-16T18:24:41","modified_gmt":"2023-05-16T18:24:41","slug":"sistema-fecomercio-realiza-dia-s-nesta-terca-feira-em-fortaleza","status":"publish","type":"post","link":"https:\/\/blogdorogeriogomes.com.br\/noticias\/2023\/05\/sistema-fecomercio-realiza-dia-s-nesta-terca-feira-em-fortaleza\/","title":{"rendered":"Sistema Fecom\u00e9rcio realiza &#8220;Dia S&#8221; nesta ter\u00e7a-feira em Fortaleza"},"content":{"rendered":"\n<p>Nesta ter\u00e7a-feira, dia 16 de maio, <em>o Sistema Fecom\u00e9rcio Cear\u00e1 participa do \u201cDia S\u201d,<\/em> mobiliza\u00e7\u00e3o do Sistema CNC, Fecom\u00e9rcios, Sesc, Senac e sindicatos patronais em todo Pa\u00eds para conscientizar a sociedade sobre o PLV 9\/23, que pretende destinar 5% dos recursos do Servi\u00e7o Social do Com\u00e9rcio (Sesc) e do Servi\u00e7o Nacional de Aprendizagem Comercial (Senac) para financiar a Ag\u00eancia Brasileira de Promo\u00e7\u00e3o Internacional do Turismo (Embratur).<br>&nbsp;<br>O chamado <em>Dia S<\/em> reunir\u00e1 colaboradores do Sistema Com\u00e9rcio, usu\u00e1rios, alunos e professores em uma grande manifesta\u00e7\u00e3o de apoio \u00e0s institui\u00e7\u00f5es e acontecer\u00e1 no Mercado dos Pinh\u00f5es, a partir das 16 horas. <\/p>\n\n\n\n<figure class=\"wp-block-image size-full is-resized\"><img loading=\"lazy\" decoding=\"async\" src=\"https:\/\/blogdorogeriogomes.com.br\/wp-content\/uploads\/2023\/05\/images-3-1.jpeg\" alt=\"\" class=\"wp-image-29291\" width=\"343\" height=\"230\" srcset=\"https:\/\/blogdorogeriogomes.com.br\/noticias\/wp-content\/uploads\/2023\/05\/images-3-1.jpeg 678w, https:\/\/blogdorogeriogomes.com.br\/noticias\/wp-content\/uploads\/2023\/05\/images-3-1-300x200.jpeg 300w\" sizes=\"auto, (max-width: 343px) 100vw, 343px\" \/><\/figure>\n\n\n\n<p><\/p>\n","protected":false},"excerpt":{"rendered":"<p>Nesta ter\u00e7a-feira, dia 16 de maio, o Sistema Fecom\u00e9rcio Cear\u00e1 participa do \u201cDia S\u201d, mobiliza\u00e7\u00e3o do Sistema CNC, Fecom\u00e9rcios, Sesc, Senac e sindicatos patronais em todo Pa\u00eds para conscientizar a sociedade sobre o PLV 9\/23, que pretende destinar 5% dos recursos do Servi\u00e7o Social do Com\u00e9rcio (Sesc) e do Servi\u00e7o Nacional de Aprendizagem Comercial (Senac) para financiar a Ag\u00eancia Brasileira de Promo\u00e7\u00e3o Internacional do Turismo (Embratur).&nbsp;O chamado Dia S reunir\u00e1 colaboradores do Sistema Com\u00e9rcio, usu\u00e1rios, alunos e professores em&hellip;<\/p>\n","protected":false},"author":1,"featured_media":29291,"comment_status":"open","ping_status":"open","sticky":false,"template":"","format":"standard","meta":{"footnotes":""},"categories":[1],"tags":[],"class_list":["post-29290","post","type-post","status-publish","format-standard","has-post-thumbnail","hentry","category-noticias"],"_links":{"self":[{"href":"https:\/\/blogdorogeriogomes.com.br\/noticias\/wp-json\/wp\/v2\/posts\/29290","targetHints":{"allow":["GET"]}}],"collection":[{"href":"https:\/\/blogdorogeriogomes.com.br\/noticias\/wp-json\/wp\/v2\/posts"}],"about":[{"href":"https:\/\/blogdorogeriogomes.com.br\/noticias\/wp-json\/wp\/v2\/types\/post"}],"author":[{"embeddable":true,"href":"https:\/\/blogdorogeriogomes.com.br\/noticias\/wp-json\/wp\/v2\/users\/1"}],"replies":[{"embeddable":true,"href":"https:\/\/blogdorogeriogomes.com.br\/noticias\/wp-json\/wp\/v2\/comments?post=29290"}],"version-history":[{"count":2,"href":"https:\/\/blogdorogeriogomes.com.br\/noticias\/wp-json\/wp\/v2\/posts\/29290\/revisions"}],"predecessor-version":[{"id":29308,"href":"https:\/\/blogdorogeriogomes.com.br\/noticias\/wp-json\/wp\/v2\/posts\/29290\/revisions\/29308"}],"wp:featuredmedia":[{"embeddable":true,"href":"https:\/\/blogdorogeriogomes.com.br\/noticias\/wp-json\/wp\/v2\/media\/29291"}],"wp:attachment":[{"href":"https:\/\/blogdorogeriogomes.com.br\/noticias\/wp-json\/wp\/v2\/media?parent=29290"}],"wp:term":[{"taxonomy":"category","embeddable":true,"href":"https:\/\/blogdorogeriogomes.com.br\/noticias\/wp-json\/wp\/v2\/categories?post=29290"},{"taxonomy":"post_tag","embeddable":true,"href":"https:\/\/blogdorogeriogomes.com.br\/noticias\/wp-json\/wp\/v2\/tags?post=29290"}],"curies":[{"name":"wp","href":"https:\/\/api.w.org\/{rel}","templated":true}]}}