{"id":29299,"date":"2023-05-16T10:21:29","date_gmt":"2023-05-16T10:21:29","guid":{"rendered":"https:\/\/blogdorogeriogomes.com.br\/?p=29299"},"modified":"2023-05-16T18:24:13","modified_gmt":"2023-05-16T18:24:13","slug":"jair-bolsonaro-presta-novo-depoimento-a-policia-federal-no-caso-da-fraude-no-cartao-de-vacina","status":"publish","type":"post","link":"https:\/\/blogdorogeriogomes.com.br\/noticias\/2023\/05\/jair-bolsonaro-presta-novo-depoimento-a-policia-federal-no-caso-da-fraude-no-cartao-de-vacina\/","title":{"rendered":"Jair Bolsonaro presta novo depoimento \u00e0 Pol\u00edcia Federal no caso da fraude no cart\u00e3o de vacina"},"content":{"rendered":"\n<p>O ex-presidente&nbsp;Jair Bolsonaro dep\u00f5e nesta ter\u00e7a-feira, dia 16 de maio, \u00e0 Pol\u00edcia Federal, em Bras\u00edlia, no inqu\u00e9rito que investiga um suposto esquema de adultera\u00e7\u00e3o de cart\u00f5es de vacina\u00e7\u00e3o que teria beneficiado o pr\u00f3prio Bolsonaro, a filha dele, al\u00e9m de um ex-ajudante do ex-presidente e familiares desse auxiliar.<\/p>\n\n\n\n<p>A Pol\u00edcia Federal quer saber se Bolsonaro tinha conhecimento do esquema e se partiu dele a ordem de acesso ao sistema do Minist\u00e9rio da Sa\u00fade, onde foram inseridos e depois retirados dados sobre vacina\u00e7\u00e3o contra a Covid-19 nos cart\u00f5es.<\/p>\n\n\n\n<p>Durante a opera\u00e7\u00e3o do dia 3 de maio, a PF prendeu seis pessoas, entre elas o coronel Mauro Cid, ex-ajudante de ordens de Bolsonaro durante o mandato dele como presidente da Rep\u00fablica.<\/p>\n\n\n\n<figure class=\"wp-block-image size-full\"><img loading=\"lazy\" decoding=\"async\" width=\"679\" height=\"452\" src=\"https:\/\/blogdorogeriogomes.com.br\/wp-content\/uploads\/2023\/05\/images-4-1.jpeg\" alt=\"\" class=\"wp-image-29300\" srcset=\"https:\/\/blogdorogeriogomes.com.br\/noticias\/wp-content\/uploads\/2023\/05\/images-4-1.jpeg 679w, https:\/\/blogdorogeriogomes.com.br\/noticias\/wp-content\/uploads\/2023\/05\/images-4-1-300x200.jpeg 300w\" sizes=\"auto, (max-width: 679px) 100vw, 679px\" \/><\/figure>\n","protected":false},"excerpt":{"rendered":"<p>O ex-presidente&nbsp;Jair Bolsonaro dep\u00f5e nesta ter\u00e7a-feira, dia 16 de maio, \u00e0 Pol\u00edcia Federal, em Bras\u00edlia, no inqu\u00e9rito que investiga um suposto esquema de adultera\u00e7\u00e3o de cart\u00f5es de vacina\u00e7\u00e3o que teria beneficiado o pr\u00f3prio Bolsonaro, a filha dele, al\u00e9m de um ex-ajudante do ex-presidente e familiares desse auxiliar. A Pol\u00edcia Federal quer saber se Bolsonaro tinha conhecimento do esquema e se partiu dele a ordem de acesso ao sistema do Minist\u00e9rio da Sa\u00fade, onde foram inseridos e depois retirados dados&hellip;<\/p>\n","protected":false},"author":1,"featured_media":29300,"comment_status":"open","ping_status":"open","sticky":false,"template":"","format":"standard","meta":{"footnotes":""},"categories":[1],"tags":[],"class_list":["post-29299","post","type-post","status-publish","format-standard","has-post-thumbnail","hentry","category-noticias"],"_links":{"self":[{"href":"https:\/\/blogdorogeriogomes.com.br\/noticias\/wp-json\/wp\/v2\/posts\/29299","targetHints":{"allow":["GET"]}}],"collection":[{"href":"https:\/\/blogdorogeriogomes.com.br\/noticias\/wp-json\/wp\/v2\/posts"}],"about":[{"href":"https:\/\/blogdorogeriogomes.com.br\/noticias\/wp-json\/wp\/v2\/types\/post"}],"author":[{"embeddable":true,"href":"https:\/\/blogdorogeriogomes.com.br\/noticias\/wp-json\/wp\/v2\/users\/1"}],"replies":[{"embeddable":true,"href":"https:\/\/blogdorogeriogomes.com.br\/noticias\/wp-json\/wp\/v2\/comments?post=29299"}],"version-history":[{"count":2,"href":"https:\/\/blogdorogeriogomes.com.br\/noticias\/wp-json\/wp\/v2\/posts\/29299\/revisions"}],"predecessor-version":[{"id":29306,"href":"https:\/\/blogdorogeriogomes.com.br\/noticias\/wp-json\/wp\/v2\/posts\/29299\/revisions\/29306"}],"wp:featuredmedia":[{"embeddable":true,"href":"https:\/\/blogdorogeriogomes.com.br\/noticias\/wp-json\/wp\/v2\/media\/29300"}],"wp:attachment":[{"href":"https:\/\/blogdorogeriogomes.com.br\/noticias\/wp-json\/wp\/v2\/media?parent=29299"}],"wp:term":[{"taxonomy":"category","embeddable":true,"href":"https:\/\/blogdorogeriogomes.com.br\/noticias\/wp-json\/wp\/v2\/categories?post=29299"},{"taxonomy":"post_tag","embeddable":true,"href":"https:\/\/blogdorogeriogomes.com.br\/noticias\/wp-json\/wp\/v2\/tags?post=29299"}],"curies":[{"name":"wp","href":"https:\/\/api.w.org\/{rel}","templated":true}]}}