{"id":29309,"date":"2023-05-17T00:56:15","date_gmt":"2023-05-17T00:56:15","guid":{"rendered":"https:\/\/blogdorogeriogomes.com.br\/?p=29309"},"modified":"2023-05-18T08:02:19","modified_gmt":"2023-05-18T08:02:19","slug":"tse-cassa-mandato-do-deputado-federal-deltan-dallagnol-ex-chefe-da-lava-jato","status":"publish","type":"post","link":"https:\/\/blogdorogeriogomes.com.br\/noticias\/2023\/05\/tse-cassa-mandato-do-deputado-federal-deltan-dallagnol-ex-chefe-da-lava-jato\/","title":{"rendered":"TSE cassa mandato do deputado federal Deltan Dallagnol, ex-chefe da Lava Jato"},"content":{"rendered":"\n<p>O Tribunal Superior Eleitoral (TSE) cassou, por unanimidade, nesta ter\u00e7a-feira, dia 16 de maio, o mandato do deputado federal Deltan Dallagnol (Podemos). Os ministros do TSE entenderam que Dallagnol cometeu irregularidade ao pedir exonera\u00e7\u00e3o do cargo de procurador da Rep\u00fablica enquanto ainda respondia a processos disciplinares internos.<\/p>\n\n\n\n<p>O TSE analisou o registro da candidatura de Dallagnol. Com a decis\u00e3o do TSE, os votos que Dallagnol recebeu na elei\u00e7\u00e3o v\u00e3o para a legenda.<\/p>\n\n\n\n<p>Caber\u00e1 ao Tribunal Regional Eleitoral (TRE) do Paran\u00e1 executar imediatamente a decis\u00e3o, de acordo com o TSE. Dallagnol ainda pode recorrer ao Supremo Tribunal Federal (STF).<\/p>\n\n\n\n<p>Deltan Dallagnol chefiou a Opera\u00e7\u00e3o Lava Jato e trabalhava em parceria com o ex-juiz Sergio Moro, que depois aceitou ser ministro de Jair Bolsonaro.<\/p>\n\n\n\n<figure class=\"wp-block-image size-full\"><img loading=\"lazy\" decoding=\"async\" width=\"984\" height=\"571\" src=\"https:\/\/blogdorogeriogomes.com.br\/wp-content\/uploads\/2023\/05\/deltan.jpg\" alt=\"\" class=\"wp-image-29310\" srcset=\"https:\/\/blogdorogeriogomes.com.br\/noticias\/wp-content\/uploads\/2023\/05\/deltan.jpg 984w, https:\/\/blogdorogeriogomes.com.br\/noticias\/wp-content\/uploads\/2023\/05\/deltan-300x174.jpg 300w, https:\/\/blogdorogeriogomes.com.br\/noticias\/wp-content\/uploads\/2023\/05\/deltan-768x446.jpg 768w, https:\/\/blogdorogeriogomes.com.br\/noticias\/wp-content\/uploads\/2023\/05\/deltan-800x464.jpg 800w\" sizes=\"auto, (max-width: 984px) 100vw, 984px\" \/><\/figure>\n","protected":false},"excerpt":{"rendered":"<p>O Tribunal Superior Eleitoral (TSE) cassou, por unanimidade, nesta ter\u00e7a-feira, dia 16 de maio, o mandato do deputado federal Deltan Dallagnol (Podemos). Os ministros do TSE entenderam que Dallagnol cometeu irregularidade ao pedir exonera\u00e7\u00e3o do cargo de procurador da Rep\u00fablica enquanto ainda respondia a processos disciplinares internos. O TSE analisou o registro da candidatura de Dallagnol. Com a decis\u00e3o do TSE, os votos que Dallagnol recebeu na elei\u00e7\u00e3o v\u00e3o para a legenda. Caber\u00e1 ao Tribunal Regional Eleitoral (TRE) do&hellip;<\/p>\n","protected":false},"author":1,"featured_media":29310,"comment_status":"open","ping_status":"open","sticky":false,"template":"","format":"standard","meta":{"footnotes":""},"categories":[1],"tags":[],"class_list":["post-29309","post","type-post","status-publish","format-standard","has-post-thumbnail","hentry","category-noticias"],"_links":{"self":[{"href":"https:\/\/blogdorogeriogomes.com.br\/noticias\/wp-json\/wp\/v2\/posts\/29309","targetHints":{"allow":["GET"]}}],"collection":[{"href":"https:\/\/blogdorogeriogomes.com.br\/noticias\/wp-json\/wp\/v2\/posts"}],"about":[{"href":"https:\/\/blogdorogeriogomes.com.br\/noticias\/wp-json\/wp\/v2\/types\/post"}],"author":[{"embeddable":true,"href":"https:\/\/blogdorogeriogomes.com.br\/noticias\/wp-json\/wp\/v2\/users\/1"}],"replies":[{"embeddable":true,"href":"https:\/\/blogdorogeriogomes.com.br\/noticias\/wp-json\/wp\/v2\/comments?post=29309"}],"version-history":[{"count":1,"href":"https:\/\/blogdorogeriogomes.com.br\/noticias\/wp-json\/wp\/v2\/posts\/29309\/revisions"}],"predecessor-version":[{"id":29311,"href":"https:\/\/blogdorogeriogomes.com.br\/noticias\/wp-json\/wp\/v2\/posts\/29309\/revisions\/29311"}],"wp:featuredmedia":[{"embeddable":true,"href":"https:\/\/blogdorogeriogomes.com.br\/noticias\/wp-json\/wp\/v2\/media\/29310"}],"wp:attachment":[{"href":"https:\/\/blogdorogeriogomes.com.br\/noticias\/wp-json\/wp\/v2\/media?parent=29309"}],"wp:term":[{"taxonomy":"category","embeddable":true,"href":"https:\/\/blogdorogeriogomes.com.br\/noticias\/wp-json\/wp\/v2\/categories?post=29309"},{"taxonomy":"post_tag","embeddable":true,"href":"https:\/\/blogdorogeriogomes.com.br\/noticias\/wp-json\/wp\/v2\/tags?post=29309"}],"curies":[{"name":"wp","href":"https:\/\/api.w.org\/{rel}","templated":true}]}}