{"id":29312,"date":"2023-05-17T01:14:59","date_gmt":"2023-05-17T01:14:59","guid":{"rendered":"https:\/\/blogdorogeriogomes.com.br\/?p=29312"},"modified":"2023-05-18T08:02:07","modified_gmt":"2023-05-18T08:02:07","slug":"elmano-e-sarto-voltam-a-se-encontrar-em-assinatura-da-ppp-do-saneamento-no-palacio-da-abolicao","status":"publish","type":"post","link":"https:\/\/blogdorogeriogomes.com.br\/noticias\/2023\/05\/elmano-e-sarto-voltam-a-se-encontrar-em-assinatura-da-ppp-do-saneamento-no-palacio-da-abolicao\/","title":{"rendered":"Elmano e Sarto voltam a se encontrar em assinatura da PPP do saneamento no Pal\u00e1cio da Aboli\u00e7\u00e3o"},"content":{"rendered":"\n<p>O governador Elmano de Freitas (PT) e o prefeito de Fortaleza, Jos\u00e9 Sarto (PDT), voltaram a se encontrar nesta ter\u00e7a-feira, dia 16 de maio, durante assinatura da Parceria P\u00fablico-Privada (PPP) do saneamento b\u00e1sico, no Pal\u00e1cio da Aboli\u00e7\u00e3o. A parceria com o Grupo Aegea vai garantir investimentos e a universaliza\u00e7\u00e3o do saneamento b\u00e1sico em Fortaleza e mais seis munic\u00edpios cearenses.<\/p>\n\n\n\n<p>Elmano e Sarto vinham trocando farpas atrav\u00e9s da imprensa em rela\u00e7\u00e3o ao apoio do Governo do Estado em a\u00e7\u00f5es da Prefeitura da Capital. O distanciamento entre os dois aconteceu ap\u00f3s o rompimento entre PT e PDT nas elei\u00e7\u00f5es do ano passado.<\/p>\n\n\n\n<p>No entanto, Sarto resolveu amenizar as cr\u00edticas veiculadas pela imprensa. Segundo ele, &#8220;h\u00e1 mais converg\u00eancia do que diverg\u00eancia&#8221; com o governador do Cear\u00e1. O prefeito de Fortaleza garante que vai buscar di\u00e1logo com Elmano de Freitas pelo bem de Fortaleza. &#8220;N\u00e3o \u00e9 recompor, porque n\u00e3o houve nada novo, nada de ruptura. O que existe \u00e9 uma diverg\u00eancia, a meu ju\u00edzo, madura de dois representantes populares&#8221;, afirmou Sarto.<\/p>\n\n\n\n<figure class=\"wp-block-image size-large\"><img loading=\"lazy\" decoding=\"async\" width=\"1024\" height=\"575\" src=\"https:\/\/blogdorogeriogomes.com.br\/wp-content\/uploads\/2023\/05\/WhatsApp-Image-2023-05-16-at-17.15.48-1024x575.jpeg\" alt=\"\" class=\"wp-image-29313\" srcset=\"https:\/\/blogdorogeriogomes.com.br\/noticias\/wp-content\/uploads\/2023\/05\/WhatsApp-Image-2023-05-16-at-17.15.48-1024x575.jpeg 1024w, https:\/\/blogdorogeriogomes.com.br\/noticias\/wp-content\/uploads\/2023\/05\/WhatsApp-Image-2023-05-16-at-17.15.48-300x169.jpeg 300w, https:\/\/blogdorogeriogomes.com.br\/noticias\/wp-content\/uploads\/2023\/05\/WhatsApp-Image-2023-05-16-at-17.15.48-768x431.jpeg 768w, https:\/\/blogdorogeriogomes.com.br\/noticias\/wp-content\/uploads\/2023\/05\/WhatsApp-Image-2023-05-16-at-17.15.48-800x449.jpeg 800w, https:\/\/blogdorogeriogomes.com.br\/noticias\/wp-content\/uploads\/2023\/05\/WhatsApp-Image-2023-05-16-at-17.15.48.jpeg 1280w\" sizes=\"auto, (max-width: 1024px) 100vw, 1024px\" \/><\/figure>\n","protected":false},"excerpt":{"rendered":"<p>O governador Elmano de Freitas (PT) e o prefeito de Fortaleza, Jos\u00e9 Sarto (PDT), voltaram a se encontrar nesta ter\u00e7a-feira, dia 16 de maio, durante assinatura da Parceria P\u00fablico-Privada (PPP) do saneamento b\u00e1sico, no Pal\u00e1cio da Aboli\u00e7\u00e3o. A parceria com o Grupo Aegea vai garantir investimentos e a universaliza\u00e7\u00e3o do saneamento b\u00e1sico em Fortaleza e mais seis munic\u00edpios cearenses. Elmano e Sarto vinham trocando farpas atrav\u00e9s da imprensa em rela\u00e7\u00e3o ao apoio do Governo do Estado em a\u00e7\u00f5es da&hellip;<\/p>\n","protected":false},"author":1,"featured_media":29313,"comment_status":"open","ping_status":"open","sticky":false,"template":"","format":"standard","meta":{"footnotes":""},"categories":[1],"tags":[],"class_list":["post-29312","post","type-post","status-publish","format-standard","has-post-thumbnail","hentry","category-noticias"],"_links":{"self":[{"href":"https:\/\/blogdorogeriogomes.com.br\/noticias\/wp-json\/wp\/v2\/posts\/29312","targetHints":{"allow":["GET"]}}],"collection":[{"href":"https:\/\/blogdorogeriogomes.com.br\/noticias\/wp-json\/wp\/v2\/posts"}],"about":[{"href":"https:\/\/blogdorogeriogomes.com.br\/noticias\/wp-json\/wp\/v2\/types\/post"}],"author":[{"embeddable":true,"href":"https:\/\/blogdorogeriogomes.com.br\/noticias\/wp-json\/wp\/v2\/users\/1"}],"replies":[{"embeddable":true,"href":"https:\/\/blogdorogeriogomes.com.br\/noticias\/wp-json\/wp\/v2\/comments?post=29312"}],"version-history":[{"count":1,"href":"https:\/\/blogdorogeriogomes.com.br\/noticias\/wp-json\/wp\/v2\/posts\/29312\/revisions"}],"predecessor-version":[{"id":29314,"href":"https:\/\/blogdorogeriogomes.com.br\/noticias\/wp-json\/wp\/v2\/posts\/29312\/revisions\/29314"}],"wp:featuredmedia":[{"embeddable":true,"href":"https:\/\/blogdorogeriogomes.com.br\/noticias\/wp-json\/wp\/v2\/media\/29313"}],"wp:attachment":[{"href":"https:\/\/blogdorogeriogomes.com.br\/noticias\/wp-json\/wp\/v2\/media?parent=29312"}],"wp:term":[{"taxonomy":"category","embeddable":true,"href":"https:\/\/blogdorogeriogomes.com.br\/noticias\/wp-json\/wp\/v2\/categories?post=29312"},{"taxonomy":"post_tag","embeddable":true,"href":"https:\/\/blogdorogeriogomes.com.br\/noticias\/wp-json\/wp\/v2\/tags?post=29312"}],"curies":[{"name":"wp","href":"https:\/\/api.w.org\/{rel}","templated":true}]}}