{"id":29315,"date":"2023-05-17T10:17:45","date_gmt":"2023-05-17T10:17:45","guid":{"rendered":"https:\/\/blogdorogeriogomes.com.br\/?p=29315"},"modified":"2023-05-18T08:02:01","modified_gmt":"2023-05-18T08:02:01","slug":"ministra-da-saude-cumpre-agenda-com-elmano-de-freitas-no-ceara-nesta-quinta-feira","status":"publish","type":"post","link":"https:\/\/blogdorogeriogomes.com.br\/noticias\/2023\/05\/ministra-da-saude-cumpre-agenda-com-elmano-de-freitas-no-ceara-nesta-quinta-feira\/","title":{"rendered":"Ministra da Sa\u00fade cumpre agenda com Elmano de Freitas no Cear\u00e1 nesta quinta-feira"},"content":{"rendered":"\n<p>A ministra da Sa\u00fade, N\u00edsia Trindade, vai cumprir agenda no Cear\u00e1, nesta quinta-feira, dia 18 de maio. Ela deve visitar, ao lado do governador Elmano de Freitas, unidades de sa\u00fade em Limoeiro do Norte e S\u00e3o Benedito. Tamb\u00e9m est\u00e1 prevista visita ao Hospital Albert Sabin, em Fortaleza.<\/p>\n\n\n\n<p>N\u00edsia Trindade deve anunciar libera\u00e7\u00e3o de novos recursos para o custeio de hospitais mantidos pelo Governo do Cear\u00e1. Nesta ter\u00e7a-feira, dia 16, o Minist\u00e9rio da Sa\u00fade confirmou a libera\u00e7\u00e3o de R$ 8.663.681,11 para a realiza\u00e7\u00e3o de cirurgias eletivas. Os pr\u00f3ximos repasses v\u00e3o ocorrer ao longo do ano, conforme planejamento e demanda dos estados. A fila de espera por uma cirurgia eletiva ultrapassa 41 mil procedimentos no estado.<\/p>\n\n\n\n<figure class=\"wp-block-image size-full\"><img loading=\"lazy\" decoding=\"async\" width=\"678\" height=\"452\" src=\"https:\/\/blogdorogeriogomes.com.br\/wp-content\/uploads\/2023\/05\/images-6.jpeg\" alt=\"\" class=\"wp-image-29316\" srcset=\"https:\/\/blogdorogeriogomes.com.br\/noticias\/wp-content\/uploads\/2023\/05\/images-6.jpeg 678w, https:\/\/blogdorogeriogomes.com.br\/noticias\/wp-content\/uploads\/2023\/05\/images-6-300x200.jpeg 300w\" sizes=\"auto, (max-width: 678px) 100vw, 678px\" \/><\/figure>\n","protected":false},"excerpt":{"rendered":"<p>A ministra da Sa\u00fade, N\u00edsia Trindade, vai cumprir agenda no Cear\u00e1, nesta quinta-feira, dia 18 de maio. Ela deve visitar, ao lado do governador Elmano de Freitas, unidades de sa\u00fade em Limoeiro do Norte e S\u00e3o Benedito. Tamb\u00e9m est\u00e1 prevista visita ao Hospital Albert Sabin, em Fortaleza. N\u00edsia Trindade deve anunciar libera\u00e7\u00e3o de novos recursos para o custeio de hospitais mantidos pelo Governo do Cear\u00e1. Nesta ter\u00e7a-feira, dia 16, o Minist\u00e9rio da Sa\u00fade confirmou a libera\u00e7\u00e3o de R$ 8.663.681,11&hellip;<\/p>\n","protected":false},"author":1,"featured_media":29316,"comment_status":"open","ping_status":"open","sticky":false,"template":"","format":"standard","meta":{"footnotes":""},"categories":[1],"tags":[],"class_list":["post-29315","post","type-post","status-publish","format-standard","has-post-thumbnail","hentry","category-noticias"],"_links":{"self":[{"href":"https:\/\/blogdorogeriogomes.com.br\/noticias\/wp-json\/wp\/v2\/posts\/29315","targetHints":{"allow":["GET"]}}],"collection":[{"href":"https:\/\/blogdorogeriogomes.com.br\/noticias\/wp-json\/wp\/v2\/posts"}],"about":[{"href":"https:\/\/blogdorogeriogomes.com.br\/noticias\/wp-json\/wp\/v2\/types\/post"}],"author":[{"embeddable":true,"href":"https:\/\/blogdorogeriogomes.com.br\/noticias\/wp-json\/wp\/v2\/users\/1"}],"replies":[{"embeddable":true,"href":"https:\/\/blogdorogeriogomes.com.br\/noticias\/wp-json\/wp\/v2\/comments?post=29315"}],"version-history":[{"count":1,"href":"https:\/\/blogdorogeriogomes.com.br\/noticias\/wp-json\/wp\/v2\/posts\/29315\/revisions"}],"predecessor-version":[{"id":29317,"href":"https:\/\/blogdorogeriogomes.com.br\/noticias\/wp-json\/wp\/v2\/posts\/29315\/revisions\/29317"}],"wp:featuredmedia":[{"embeddable":true,"href":"https:\/\/blogdorogeriogomes.com.br\/noticias\/wp-json\/wp\/v2\/media\/29316"}],"wp:attachment":[{"href":"https:\/\/blogdorogeriogomes.com.br\/noticias\/wp-json\/wp\/v2\/media?parent=29315"}],"wp:term":[{"taxonomy":"category","embeddable":true,"href":"https:\/\/blogdorogeriogomes.com.br\/noticias\/wp-json\/wp\/v2\/categories?post=29315"},{"taxonomy":"post_tag","embeddable":true,"href":"https:\/\/blogdorogeriogomes.com.br\/noticias\/wp-json\/wp\/v2\/tags?post=29315"}],"curies":[{"name":"wp","href":"https:\/\/api.w.org\/{rel}","templated":true}]}}