{"id":29334,"date":"2023-05-19T00:31:50","date_gmt":"2023-05-19T00:31:50","guid":{"rendered":"https:\/\/blogdorogeriogomes.com.br\/?p=29334"},"modified":"2023-05-22T07:44:16","modified_gmt":"2023-05-22T07:44:16","slug":"ministra-da-saude-libera-mais-de-r-300-milhoes-para-ampliar-custeio-de-hospitais-no-ceara","status":"publish","type":"post","link":"https:\/\/blogdorogeriogomes.com.br\/noticias\/2023\/05\/ministra-da-saude-libera-mais-de-r-300-milhoes-para-ampliar-custeio-de-hospitais-no-ceara\/","title":{"rendered":"Ministra da Sa\u00fade libera mais de R$ 300 milh\u00f5es para ampliar custeio de hospitais no Cear\u00e1"},"content":{"rendered":"\n<p>Ao lado do governador Elmano de Freitas (PT), a ministra da Sa\u00fade, N\u00edsia Trindade, esteve no Cear\u00e1, nesta quinta-feira, dia 18 de maio. Ela anunciou a libera\u00e7\u00e3o de R$ 330 milh\u00f5es de reais para o custeio de hospitais cearenses na Capital e no interior. S\u00f3 Fortaleza deve receber cerca de R$ 50 milh\u00f5es de aporte para m\u00e9dia e alta complexidade.<\/p>\n\n\n\n<p>Foram assinadas tr\u00eas portarias do Minist\u00e9rio da Sa\u00fade. Uma delas destina para o Hospital Regional do Vale do Jaguaribe recursos da ordem de R$ 136 milh\u00f5es. As demais destina\u00e7\u00f5es de recursos s\u00e3o para custeio em 22 Policl\u00ednicas Regionais de Sa\u00fade do Cear\u00e1 e para assist\u00eancia de alta complexidade com foco no paciente com c\u00e2ncer.&nbsp;<\/p>\n\n\n\n<p>Em tempo: na solenidade com a ministra, o governador Elmano de Freitas confirmou a nomea\u00e7\u00e3o do vice-prefeito de Juazeiro do Norte, Giovanni Sampaio, para o cargo de diretor geraldo Hospital Regional do Cariri, apesar de reclama\u00e7\u00f5es de servidores da unidade.<\/p>\n\n\n\n<figure class=\"wp-block-image size-large\"><img loading=\"lazy\" decoding=\"async\" width=\"1024\" height=\"683\" src=\"https:\/\/blogdorogeriogomes.com.br\/wp-content\/uploads\/2023\/05\/230518_INAUG-NOVA-ALA-HOSP-ALBERT-SABIN_TG9069-1200x800-1-1024x683.jpg\" alt=\"\" class=\"wp-image-29335\" srcset=\"https:\/\/blogdorogeriogomes.com.br\/noticias\/wp-content\/uploads\/2023\/05\/230518_INAUG-NOVA-ALA-HOSP-ALBERT-SABIN_TG9069-1200x800-1-1024x683.jpg 1024w, https:\/\/blogdorogeriogomes.com.br\/noticias\/wp-content\/uploads\/2023\/05\/230518_INAUG-NOVA-ALA-HOSP-ALBERT-SABIN_TG9069-1200x800-1-300x200.jpg 300w, https:\/\/blogdorogeriogomes.com.br\/noticias\/wp-content\/uploads\/2023\/05\/230518_INAUG-NOVA-ALA-HOSP-ALBERT-SABIN_TG9069-1200x800-1-768x512.jpg 768w, https:\/\/blogdorogeriogomes.com.br\/noticias\/wp-content\/uploads\/2023\/05\/230518_INAUG-NOVA-ALA-HOSP-ALBERT-SABIN_TG9069-1200x800-1-800x533.jpg 800w, https:\/\/blogdorogeriogomes.com.br\/noticias\/wp-content\/uploads\/2023\/05\/230518_INAUG-NOVA-ALA-HOSP-ALBERT-SABIN_TG9069-1200x800-1.jpg 1200w\" sizes=\"auto, (max-width: 1024px) 100vw, 1024px\" \/><\/figure>\n","protected":false},"excerpt":{"rendered":"<p>Ao lado do governador Elmano de Freitas (PT), a ministra da Sa\u00fade, N\u00edsia Trindade, esteve no Cear\u00e1, nesta quinta-feira, dia 18 de maio. Ela anunciou a libera\u00e7\u00e3o de R$ 330 milh\u00f5es de reais para o custeio de hospitais cearenses na Capital e no interior. S\u00f3 Fortaleza deve receber cerca de R$ 50 milh\u00f5es de aporte para m\u00e9dia e alta complexidade. Foram assinadas tr\u00eas portarias do Minist\u00e9rio da Sa\u00fade. Uma delas destina para o Hospital Regional do Vale do Jaguaribe&hellip;<\/p>\n","protected":false},"author":1,"featured_media":29335,"comment_status":"open","ping_status":"open","sticky":false,"template":"","format":"standard","meta":{"footnotes":""},"categories":[1],"tags":[],"class_list":["post-29334","post","type-post","status-publish","format-standard","has-post-thumbnail","hentry","category-noticias"],"_links":{"self":[{"href":"https:\/\/blogdorogeriogomes.com.br\/noticias\/wp-json\/wp\/v2\/posts\/29334","targetHints":{"allow":["GET"]}}],"collection":[{"href":"https:\/\/blogdorogeriogomes.com.br\/noticias\/wp-json\/wp\/v2\/posts"}],"about":[{"href":"https:\/\/blogdorogeriogomes.com.br\/noticias\/wp-json\/wp\/v2\/types\/post"}],"author":[{"embeddable":true,"href":"https:\/\/blogdorogeriogomes.com.br\/noticias\/wp-json\/wp\/v2\/users\/1"}],"replies":[{"embeddable":true,"href":"https:\/\/blogdorogeriogomes.com.br\/noticias\/wp-json\/wp\/v2\/comments?post=29334"}],"version-history":[{"count":2,"href":"https:\/\/blogdorogeriogomes.com.br\/noticias\/wp-json\/wp\/v2\/posts\/29334\/revisions"}],"predecessor-version":[{"id":29362,"href":"https:\/\/blogdorogeriogomes.com.br\/noticias\/wp-json\/wp\/v2\/posts\/29334\/revisions\/29362"}],"wp:featuredmedia":[{"embeddable":true,"href":"https:\/\/blogdorogeriogomes.com.br\/noticias\/wp-json\/wp\/v2\/media\/29335"}],"wp:attachment":[{"href":"https:\/\/blogdorogeriogomes.com.br\/noticias\/wp-json\/wp\/v2\/media?parent=29334"}],"wp:term":[{"taxonomy":"category","embeddable":true,"href":"https:\/\/blogdorogeriogomes.com.br\/noticias\/wp-json\/wp\/v2\/categories?post=29334"},{"taxonomy":"post_tag","embeddable":true,"href":"https:\/\/blogdorogeriogomes.com.br\/noticias\/wp-json\/wp\/v2\/tags?post=29334"}],"curies":[{"name":"wp","href":"https:\/\/api.w.org\/{rel}","templated":true}]}}