{"id":29337,"date":"2023-05-19T00:44:31","date_gmt":"2023-05-19T00:44:31","guid":{"rendered":"https:\/\/blogdorogeriogomes.com.br\/?p=29337"},"modified":"2023-05-22T07:44:07","modified_gmt":"2023-05-22T07:44:07","slug":"ministra-anielle-franco-lanca-plano-nacional-para-jovens-negros-no-ceara","status":"publish","type":"post","link":"https:\/\/blogdorogeriogomes.com.br\/noticias\/2023\/05\/ministra-anielle-franco-lanca-plano-nacional-para-jovens-negros-no-ceara\/","title":{"rendered":"Ministra Anielle Franco lan\u00e7a Plano Nacional para jovens negros no Cear\u00e1"},"content":{"rendered":"\n<p>O Minist\u00e9rio da Igualdade Racial, em parceria com o Governo do Cear\u00e1, lan\u00e7ou em Fortaleza, nesta quinta-feira, dia 18 de maio, a 1\u00ba Caravana para elaborar o Plano Juventude Negra Viva com a presen\u00e7a da ministra da Igualdade Racial, Anielle Franco. A caravana conta com a participa\u00e7\u00e3o social de 100 jovens negros e negras para elabora\u00e7\u00e3o do Plano. <\/p>\n\n\n\n<p>A vice-governadora do Cear\u00e1, Jade Romero, e pelas secret\u00e1rias da Igualdade Racial, Zelma Madeira, e da Juventude, Adelita Monteiro, que participaram do evento e far\u00e3o parte da elabora\u00e7\u00e3o do plano. A caravana com os jovens acontece em dois dias e encerra nesta sexta-feira, dia 19. O evento est\u00e1 sendo realizado no Centro Drag\u00e3o do Mar de Arte e Cultura.<\/p>\n\n\n\n<figure class=\"wp-block-image size-large\"><img loading=\"lazy\" decoding=\"async\" width=\"1024\" height=\"683\" src=\"https:\/\/blogdorogeriogomes.com.br\/wp-content\/uploads\/2023\/05\/230518_JUVENTUDE-NEGRA-VIVA-MIN-ANIELLE_HS2169-1200x800-1-1024x683.jpg\" alt=\"\" class=\"wp-image-29338\" srcset=\"https:\/\/blogdorogeriogomes.com.br\/noticias\/wp-content\/uploads\/2023\/05\/230518_JUVENTUDE-NEGRA-VIVA-MIN-ANIELLE_HS2169-1200x800-1-1024x683.jpg 1024w, https:\/\/blogdorogeriogomes.com.br\/noticias\/wp-content\/uploads\/2023\/05\/230518_JUVENTUDE-NEGRA-VIVA-MIN-ANIELLE_HS2169-1200x800-1-300x200.jpg 300w, https:\/\/blogdorogeriogomes.com.br\/noticias\/wp-content\/uploads\/2023\/05\/230518_JUVENTUDE-NEGRA-VIVA-MIN-ANIELLE_HS2169-1200x800-1-768x512.jpg 768w, https:\/\/blogdorogeriogomes.com.br\/noticias\/wp-content\/uploads\/2023\/05\/230518_JUVENTUDE-NEGRA-VIVA-MIN-ANIELLE_HS2169-1200x800-1-800x533.jpg 800w, https:\/\/blogdorogeriogomes.com.br\/noticias\/wp-content\/uploads\/2023\/05\/230518_JUVENTUDE-NEGRA-VIVA-MIN-ANIELLE_HS2169-1200x800-1.jpg 1200w\" sizes=\"auto, (max-width: 1024px) 100vw, 1024px\" \/><\/figure>\n","protected":false},"excerpt":{"rendered":"<p>O Minist\u00e9rio da Igualdade Racial, em parceria com o Governo do Cear\u00e1, lan\u00e7ou em Fortaleza, nesta quinta-feira, dia 18 de maio, a 1\u00ba Caravana para elaborar o Plano Juventude Negra Viva com a presen\u00e7a da ministra da Igualdade Racial, Anielle Franco. A caravana conta com a participa\u00e7\u00e3o social de 100 jovens negros e negras para elabora\u00e7\u00e3o do Plano. A vice-governadora do Cear\u00e1, Jade Romero, e pelas secret\u00e1rias da Igualdade Racial, Zelma Madeira, e da Juventude, Adelita Monteiro, que participaram&hellip;<\/p>\n","protected":false},"author":1,"featured_media":29338,"comment_status":"open","ping_status":"open","sticky":false,"template":"","format":"standard","meta":{"footnotes":""},"categories":[1],"tags":[],"class_list":["post-29337","post","type-post","status-publish","format-standard","has-post-thumbnail","hentry","category-noticias"],"_links":{"self":[{"href":"https:\/\/blogdorogeriogomes.com.br\/noticias\/wp-json\/wp\/v2\/posts\/29337","targetHints":{"allow":["GET"]}}],"collection":[{"href":"https:\/\/blogdorogeriogomes.com.br\/noticias\/wp-json\/wp\/v2\/posts"}],"about":[{"href":"https:\/\/blogdorogeriogomes.com.br\/noticias\/wp-json\/wp\/v2\/types\/post"}],"author":[{"embeddable":true,"href":"https:\/\/blogdorogeriogomes.com.br\/noticias\/wp-json\/wp\/v2\/users\/1"}],"replies":[{"embeddable":true,"href":"https:\/\/blogdorogeriogomes.com.br\/noticias\/wp-json\/wp\/v2\/comments?post=29337"}],"version-history":[{"count":1,"href":"https:\/\/blogdorogeriogomes.com.br\/noticias\/wp-json\/wp\/v2\/posts\/29337\/revisions"}],"predecessor-version":[{"id":29339,"href":"https:\/\/blogdorogeriogomes.com.br\/noticias\/wp-json\/wp\/v2\/posts\/29337\/revisions\/29339"}],"wp:featuredmedia":[{"embeddable":true,"href":"https:\/\/blogdorogeriogomes.com.br\/noticias\/wp-json\/wp\/v2\/media\/29338"}],"wp:attachment":[{"href":"https:\/\/blogdorogeriogomes.com.br\/noticias\/wp-json\/wp\/v2\/media?parent=29337"}],"wp:term":[{"taxonomy":"category","embeddable":true,"href":"https:\/\/blogdorogeriogomes.com.br\/noticias\/wp-json\/wp\/v2\/categories?post=29337"},{"taxonomy":"post_tag","embeddable":true,"href":"https:\/\/blogdorogeriogomes.com.br\/noticias\/wp-json\/wp\/v2\/tags?post=29337"}],"curies":[{"name":"wp","href":"https:\/\/api.w.org\/{rel}","templated":true}]}}