{"id":29340,"date":"2023-05-19T00:52:27","date_gmt":"2023-05-19T00:52:27","guid":{"rendered":"https:\/\/blogdorogeriogomes.com.br\/?p=29340"},"modified":"2023-05-22T07:43:23","modified_gmt":"2023-05-22T07:43:23","slug":"stf-forma-maioria-para-condenar-ex-presidente-fernando-collor-a-33-anos-de-prisao","status":"publish","type":"post","link":"https:\/\/blogdorogeriogomes.com.br\/noticias\/2023\/05\/stf-forma-maioria-para-condenar-ex-presidente-fernando-collor-a-33-anos-de-prisao\/","title":{"rendered":"STF forma maioria para condenar ex-presidente Fernando Collor a 33 anos de pris\u00e3o"},"content":{"rendered":"\n<p>Ministros do Supremo Tribunal Federal (STF) formaram maioria, nesta quinta-feira, dia 18 de maio, para condenar o ex-senador&nbsp;Fernando Collor pelos crimes de corrup\u00e7\u00e3o passiva e lavagem de dinheiro. A pena pode chegar a 33 anos. A sess\u00e3o foi interrompida e deve ser retomada na pr\u00f3xima semana.<\/p>\n\n\n\n<p>O plen\u00e1rio do STF julga uma a\u00e7\u00e3o penal em que Collor \u00e9 acusado de receber R$ 29,9 milh\u00f5es em propina por neg\u00f3cios da BR Distribuidora, subsidi\u00e1ria da Petrobras na venda de combust\u00edveis. Na a\u00e7\u00e3o penal, o ex-senador \u00e9 acusado de crimes de corrup\u00e7\u00e3o passiva, de lavagem de dinheiro e organiza\u00e7\u00e3o criminosa.<\/p>\n\n\n\n<figure class=\"wp-block-image size-full\"><img loading=\"lazy\" decoding=\"async\" width=\"984\" height=\"656\" src=\"https:\/\/blogdorogeriogomes.com.br\/wp-content\/uploads\/2023\/05\/collor.jpg\" alt=\"\" class=\"wp-image-29341\" srcset=\"https:\/\/blogdorogeriogomes.com.br\/noticias\/wp-content\/uploads\/2023\/05\/collor.jpg 984w, https:\/\/blogdorogeriogomes.com.br\/noticias\/wp-content\/uploads\/2023\/05\/collor-300x200.jpg 300w, https:\/\/blogdorogeriogomes.com.br\/noticias\/wp-content\/uploads\/2023\/05\/collor-768x512.jpg 768w, https:\/\/blogdorogeriogomes.com.br\/noticias\/wp-content\/uploads\/2023\/05\/collor-800x533.jpg 800w\" sizes=\"auto, (max-width: 984px) 100vw, 984px\" \/><\/figure>\n","protected":false},"excerpt":{"rendered":"<p>Ministros do Supremo Tribunal Federal (STF) formaram maioria, nesta quinta-feira, dia 18 de maio, para condenar o ex-senador&nbsp;Fernando Collor pelos crimes de corrup\u00e7\u00e3o passiva e lavagem de dinheiro. A pena pode chegar a 33 anos. A sess\u00e3o foi interrompida e deve ser retomada na pr\u00f3xima semana. O plen\u00e1rio do STF julga uma a\u00e7\u00e3o penal em que Collor \u00e9 acusado de receber R$ 29,9 milh\u00f5es em propina por neg\u00f3cios da BR Distribuidora, subsidi\u00e1ria da Petrobras na venda de combust\u00edveis. Na&hellip;<\/p>\n","protected":false},"author":1,"featured_media":29341,"comment_status":"open","ping_status":"open","sticky":false,"template":"","format":"standard","meta":{"footnotes":""},"categories":[1],"tags":[],"class_list":["post-29340","post","type-post","status-publish","format-standard","has-post-thumbnail","hentry","category-noticias"],"_links":{"self":[{"href":"https:\/\/blogdorogeriogomes.com.br\/noticias\/wp-json\/wp\/v2\/posts\/29340","targetHints":{"allow":["GET"]}}],"collection":[{"href":"https:\/\/blogdorogeriogomes.com.br\/noticias\/wp-json\/wp\/v2\/posts"}],"about":[{"href":"https:\/\/blogdorogeriogomes.com.br\/noticias\/wp-json\/wp\/v2\/types\/post"}],"author":[{"embeddable":true,"href":"https:\/\/blogdorogeriogomes.com.br\/noticias\/wp-json\/wp\/v2\/users\/1"}],"replies":[{"embeddable":true,"href":"https:\/\/blogdorogeriogomes.com.br\/noticias\/wp-json\/wp\/v2\/comments?post=29340"}],"version-history":[{"count":2,"href":"https:\/\/blogdorogeriogomes.com.br\/noticias\/wp-json\/wp\/v2\/posts\/29340\/revisions"}],"predecessor-version":[{"id":29361,"href":"https:\/\/blogdorogeriogomes.com.br\/noticias\/wp-json\/wp\/v2\/posts\/29340\/revisions\/29361"}],"wp:featuredmedia":[{"embeddable":true,"href":"https:\/\/blogdorogeriogomes.com.br\/noticias\/wp-json\/wp\/v2\/media\/29341"}],"wp:attachment":[{"href":"https:\/\/blogdorogeriogomes.com.br\/noticias\/wp-json\/wp\/v2\/media?parent=29340"}],"wp:term":[{"taxonomy":"category","embeddable":true,"href":"https:\/\/blogdorogeriogomes.com.br\/noticias\/wp-json\/wp\/v2\/categories?post=29340"},{"taxonomy":"post_tag","embeddable":true,"href":"https:\/\/blogdorogeriogomes.com.br\/noticias\/wp-json\/wp\/v2\/tags?post=29340"}],"curies":[{"name":"wp","href":"https:\/\/api.w.org\/{rel}","templated":true}]}}