{"id":29349,"date":"2023-05-19T15:35:17","date_gmt":"2023-05-19T15:35:17","guid":{"rendered":"https:\/\/blogdorogeriogomes.com.br\/?p=29349"},"modified":"2023-05-22T07:42:59","modified_gmt":"2023-05-22T07:42:59","slug":"icapui-recebe-projeto-assembleia-itinerante-a-partir-de-segunda-feira","status":"publish","type":"post","link":"https:\/\/blogdorogeriogomes.com.br\/noticias\/2023\/05\/icapui-recebe-projeto-assembleia-itinerante-a-partir-de-segunda-feira\/","title":{"rendered":"Icapu\u00ed recebe projeto &#8220;Assembleia Itinerante&#8221; a partir de segunda-feira"},"content":{"rendered":"\n<p>A Assembleia Itinerante chega ao munic\u00edpio de Icapu\u00ed, no Litoral Leste do Estado, na pr\u00f3xima segunda-feira, dia 22 de maio. Uma vasta programa\u00e7\u00e3o marca a primeira edi\u00e7\u00e3o do projeto da Assembleia Legislativa do Estado do Cear\u00e1 (Alece) em 2023, contemplando a\u00e7\u00f5es de promo\u00e7\u00e3o \u00e0 cidadania, \u00e0 cultura e atividades legislativas.<\/p>\n\n\n\n<p>\u201cSer\u00e1 mais uma oportunidade de levarmos o Parlamento cearense para perto das pessoas, com debate de ideias e acesso a servi\u00e7os e atendimentos de suas principais demandas\u201d, afirma o presidente da Alece, deputado Evandro Leit\u00e3o (PDT). O parlamentar explica que a Assembleia Itinerante tem como objetivo aproximar o trabalho parlamentar da popula\u00e7\u00e3o do interior do Estado.<\/p>\n\n\n\n<p>Ao longo da semana, a popula\u00e7\u00e3o do Litoral Leste poder\u00e1 participar de oficinas, palestras, rodas de conversa e cursos com tem\u00e1ticas variadas. Na quinta-feira, dia 25, a partir das 9 horas, acontece a sess\u00e3o plen\u00e1ria da Alece no Gin\u00e1sio Poliesportivo Jos\u00e9 do Carmo Rebou\u00e7as, no Centro de Icapu\u00ed.<\/p>\n\n\n\n<p>Como parte da Assembleia Itinerante, o Festival de Arte e Cultura promover\u00e1 um encontro de artistas de seis munic\u00edpios da macrorregi\u00e3o do Litoral Leste nas noites de segunda, ter\u00e7a e quarta-feira, sempre a partir das 18 horas, na Pra\u00e7a Central Adauto R\u00f3seo.<\/p>\n\n\n\n<p>A Pra\u00e7a Central tamb\u00e9m ser\u00e1 o ponto de diversas atividades promovidas pela Alece e parceiros. Nos dias 22, 23 e 24 de maio, das 8h \u00e0s 12h e das 14h \u00e0s 17h, a popula\u00e7\u00e3o poder\u00e1 acessar atendimento odontol\u00f3gico, Caminh\u00e3o do Cidad\u00e3o, distribui\u00e7\u00e3o de mudas, educa\u00e7\u00e3o para o tr\u00e2nsito, atendimento jur\u00eddico e psicossocial com a Procuradoria Especial da Mulher.<\/p>\n\n\n\n<figure class=\"wp-block-image size-large\"><img loading=\"lazy\" decoding=\"async\" width=\"1024\" height=\"688\" src=\"https:\/\/blogdorogeriogomes.com.br\/wp-content\/uploads\/2023\/05\/IMG-20230519-WA0043-1024x688.jpg\" alt=\"\" class=\"wp-image-29350\" srcset=\"https:\/\/blogdorogeriogomes.com.br\/noticias\/wp-content\/uploads\/2023\/05\/IMG-20230519-WA0043-1024x688.jpg 1024w, https:\/\/blogdorogeriogomes.com.br\/noticias\/wp-content\/uploads\/2023\/05\/IMG-20230519-WA0043-300x202.jpg 300w, https:\/\/blogdorogeriogomes.com.br\/noticias\/wp-content\/uploads\/2023\/05\/IMG-20230519-WA0043-768x516.jpg 768w, https:\/\/blogdorogeriogomes.com.br\/noticias\/wp-content\/uploads\/2023\/05\/IMG-20230519-WA0043-800x538.jpg 800w, https:\/\/blogdorogeriogomes.com.br\/noticias\/wp-content\/uploads\/2023\/05\/IMG-20230519-WA0043.jpg 1418w\" sizes=\"auto, (max-width: 1024px) 100vw, 1024px\" \/><\/figure>\n\n\n\n<p><\/p>\n\n\n\n<p><\/p>\n\n\n\n<p><\/p>\n\n\n\n<p><\/p>\n\n\n\n<p><\/p>\n\n\n\n<p><\/p>\n\n\n\n<p><\/p>\n","protected":false},"excerpt":{"rendered":"<p>A Assembleia Itinerante chega ao munic\u00edpio de Icapu\u00ed, no Litoral Leste do Estado, na pr\u00f3xima segunda-feira, dia 22 de maio. Uma vasta programa\u00e7\u00e3o marca a primeira edi\u00e7\u00e3o do projeto da Assembleia Legislativa do Estado do Cear\u00e1 (Alece) em 2023, contemplando a\u00e7\u00f5es de promo\u00e7\u00e3o \u00e0 cidadania, \u00e0 cultura e atividades legislativas. \u201cSer\u00e1 mais uma oportunidade de levarmos o Parlamento cearense para perto das pessoas, com debate de ideias e acesso a servi\u00e7os e atendimentos de suas principais demandas\u201d, afirma o&hellip;<\/p>\n","protected":false},"author":1,"featured_media":29350,"comment_status":"open","ping_status":"open","sticky":false,"template":"","format":"standard","meta":{"footnotes":""},"categories":[1],"tags":[],"class_list":["post-29349","post","type-post","status-publish","format-standard","has-post-thumbnail","hentry","category-noticias"],"_links":{"self":[{"href":"https:\/\/blogdorogeriogomes.com.br\/noticias\/wp-json\/wp\/v2\/posts\/29349","targetHints":{"allow":["GET"]}}],"collection":[{"href":"https:\/\/blogdorogeriogomes.com.br\/noticias\/wp-json\/wp\/v2\/posts"}],"about":[{"href":"https:\/\/blogdorogeriogomes.com.br\/noticias\/wp-json\/wp\/v2\/types\/post"}],"author":[{"embeddable":true,"href":"https:\/\/blogdorogeriogomes.com.br\/noticias\/wp-json\/wp\/v2\/users\/1"}],"replies":[{"embeddable":true,"href":"https:\/\/blogdorogeriogomes.com.br\/noticias\/wp-json\/wp\/v2\/comments?post=29349"}],"version-history":[{"count":1,"href":"https:\/\/blogdorogeriogomes.com.br\/noticias\/wp-json\/wp\/v2\/posts\/29349\/revisions"}],"predecessor-version":[{"id":29351,"href":"https:\/\/blogdorogeriogomes.com.br\/noticias\/wp-json\/wp\/v2\/posts\/29349\/revisions\/29351"}],"wp:featuredmedia":[{"embeddable":true,"href":"https:\/\/blogdorogeriogomes.com.br\/noticias\/wp-json\/wp\/v2\/media\/29350"}],"wp:attachment":[{"href":"https:\/\/blogdorogeriogomes.com.br\/noticias\/wp-json\/wp\/v2\/media?parent=29349"}],"wp:term":[{"taxonomy":"category","embeddable":true,"href":"https:\/\/blogdorogeriogomes.com.br\/noticias\/wp-json\/wp\/v2\/categories?post=29349"},{"taxonomy":"post_tag","embeddable":true,"href":"https:\/\/blogdorogeriogomes.com.br\/noticias\/wp-json\/wp\/v2\/tags?post=29349"}],"curies":[{"name":"wp","href":"https:\/\/api.w.org\/{rel}","templated":true}]}}