{"id":29352,"date":"2023-05-21T10:40:49","date_gmt":"2023-05-21T10:40:49","guid":{"rendered":"https:\/\/blogdorogeriogomes.com.br\/?p=29352"},"modified":"2023-05-22T07:42:49","modified_gmt":"2023-05-22T07:42:49","slug":"governo-do-ceara-homenageia-quatro-personalidades-com-a-medalha-da-abolicao","status":"publish","type":"post","link":"https:\/\/blogdorogeriogomes.com.br\/noticias\/2023\/05\/governo-do-ceara-homenageia-quatro-personalidades-com-a-medalha-da-abolicao\/","title":{"rendered":"Governo do Cear\u00e1 homenageia quatro personalidades com a Medalha da Aboli\u00e7\u00e3o"},"content":{"rendered":"\n<p>O Governo do Cear\u00e1 realizou mais uma cerim\u00f4nia de entrega da Medalha da Aboli\u00e7\u00e3o 2023, na sexta-feira, dia 19 de maio, em Fortaleza. Quatro personalidades do Cear\u00e1 foram homenageadas: o engenheiro e ex-deputado estadual Eudoro Santana, o arcebispo de Fortaleza, Dom Jos\u00e9 Aparecido Tosi Marques, a ministra do Tribunal Superior do Trabalho, K\u00e1tia Magalh\u00e3es Arruda, e o fundador do Grupo A\u00e7o Cearense, Vilmar Ferreira.<\/p>\n\n\n\n<p>A Medalha da Aboli\u00e7\u00e3o \u00e9 a mais alta honraria concedida pelo governo do Cear\u00e1 em reconhecimento a personalidades relevantes para o estado.&nbsp;O governador Elmano de Freitas (PT) comandou a homenagem.<\/p>\n\n\n\n<figure class=\"wp-block-image size-full\"><img loading=\"lazy\" decoding=\"async\" width=\"984\" height=\"656\" src=\"https:\/\/blogdorogeriogomes.com.br\/wp-content\/uploads\/2023\/05\/whatsapp-image-2023-05-19-at-21.43.13.jpeg\" alt=\"\" class=\"wp-image-29353\" srcset=\"https:\/\/blogdorogeriogomes.com.br\/noticias\/wp-content\/uploads\/2023\/05\/whatsapp-image-2023-05-19-at-21.43.13.jpeg 984w, https:\/\/blogdorogeriogomes.com.br\/noticias\/wp-content\/uploads\/2023\/05\/whatsapp-image-2023-05-19-at-21.43.13-300x200.jpeg 300w, https:\/\/blogdorogeriogomes.com.br\/noticias\/wp-content\/uploads\/2023\/05\/whatsapp-image-2023-05-19-at-21.43.13-768x512.jpeg 768w, https:\/\/blogdorogeriogomes.com.br\/noticias\/wp-content\/uploads\/2023\/05\/whatsapp-image-2023-05-19-at-21.43.13-800x533.jpeg 800w\" sizes=\"auto, (max-width: 984px) 100vw, 984px\" \/><\/figure>\n","protected":false},"excerpt":{"rendered":"<p>O Governo do Cear\u00e1 realizou mais uma cerim\u00f4nia de entrega da Medalha da Aboli\u00e7\u00e3o 2023, na sexta-feira, dia 19 de maio, em Fortaleza. Quatro personalidades do Cear\u00e1 foram homenageadas: o engenheiro e ex-deputado estadual Eudoro Santana, o arcebispo de Fortaleza, Dom Jos\u00e9 Aparecido Tosi Marques, a ministra do Tribunal Superior do Trabalho, K\u00e1tia Magalh\u00e3es Arruda, e o fundador do Grupo A\u00e7o Cearense, Vilmar Ferreira. A Medalha da Aboli\u00e7\u00e3o \u00e9 a mais alta honraria concedida pelo governo do Cear\u00e1 em&hellip;<\/p>\n","protected":false},"author":1,"featured_media":29353,"comment_status":"open","ping_status":"open","sticky":false,"template":"","format":"standard","meta":{"footnotes":""},"categories":[1],"tags":[],"class_list":["post-29352","post","type-post","status-publish","format-standard","has-post-thumbnail","hentry","category-noticias"],"_links":{"self":[{"href":"https:\/\/blogdorogeriogomes.com.br\/noticias\/wp-json\/wp\/v2\/posts\/29352","targetHints":{"allow":["GET"]}}],"collection":[{"href":"https:\/\/blogdorogeriogomes.com.br\/noticias\/wp-json\/wp\/v2\/posts"}],"about":[{"href":"https:\/\/blogdorogeriogomes.com.br\/noticias\/wp-json\/wp\/v2\/types\/post"}],"author":[{"embeddable":true,"href":"https:\/\/blogdorogeriogomes.com.br\/noticias\/wp-json\/wp\/v2\/users\/1"}],"replies":[{"embeddable":true,"href":"https:\/\/blogdorogeriogomes.com.br\/noticias\/wp-json\/wp\/v2\/comments?post=29352"}],"version-history":[{"count":2,"href":"https:\/\/blogdorogeriogomes.com.br\/noticias\/wp-json\/wp\/v2\/posts\/29352\/revisions"}],"predecessor-version":[{"id":29359,"href":"https:\/\/blogdorogeriogomes.com.br\/noticias\/wp-json\/wp\/v2\/posts\/29352\/revisions\/29359"}],"wp:featuredmedia":[{"embeddable":true,"href":"https:\/\/blogdorogeriogomes.com.br\/noticias\/wp-json\/wp\/v2\/media\/29353"}],"wp:attachment":[{"href":"https:\/\/blogdorogeriogomes.com.br\/noticias\/wp-json\/wp\/v2\/media?parent=29352"}],"wp:term":[{"taxonomy":"category","embeddable":true,"href":"https:\/\/blogdorogeriogomes.com.br\/noticias\/wp-json\/wp\/v2\/categories?post=29352"},{"taxonomy":"post_tag","embeddable":true,"href":"https:\/\/blogdorogeriogomes.com.br\/noticias\/wp-json\/wp\/v2\/tags?post=29352"}],"curies":[{"name":"wp","href":"https:\/\/api.w.org\/{rel}","templated":true}]}}