{"id":29355,"date":"2023-05-21T11:01:11","date_gmt":"2023-05-21T11:01:11","guid":{"rendered":"https:\/\/blogdorogeriogomes.com.br\/?p=29355"},"modified":"2023-05-22T07:42:41","modified_gmt":"2023-05-22T07:42:41","slug":"reuniao-do-g7-tem-permitido-a-lula-retomar-protagonismo-do-brasil-na-diplomacia-internacional-em-busca-da-paz","status":"publish","type":"post","link":"https:\/\/blogdorogeriogomes.com.br\/noticias\/2023\/05\/reuniao-do-g7-tem-permitido-a-lula-retomar-protagonismo-do-brasil-na-diplomacia-internacional-em-busca-da-paz\/","title":{"rendered":"Reuni\u00e3o do G7 tem permitido a Lula retomar protagonismo do Brasil na diplomacia internacional em busca da paz"},"content":{"rendered":"\n<p>A presen\u00e7a do Brasil na reuni\u00e3o do G7, em Hiroshima, no Jap\u00e3o, est\u00e1 sendo marcada por uma posi\u00e7\u00e3o firme do presidente Luiz In\u00e1cio Lula da Silva em denunciar o fracasso das pot\u00eancias em lidar com as crises internacionais, a cegueira diante das reivindica\u00e7\u00f5es dos emergentes e uma defesa veemente por uma forma do sistema internacional. O posicionamento do Brasil como protagonista no cen\u00e1rio diplom\u00e1tico foi bem recebido pela c\u00fapula da ONU, que tamb\u00e9m denuncia uma crise no sistema internacional de poder e um impasse pol\u00edtico diante da recusa das pot\u00eancias em modificar a forma de lidar com os desafios.<\/p>\n\n\n\n<p>Neste domingo, dia 21 de maio, Lula fez um discurso hist\u00f3rico pela paz no mundo, cujos principais pontos abordados foram a reflex\u00e3o sobre as consequ\u00eancias catastr\u00f3ficas de todos os tipos de conflito, como \u00e9 o caso da guerra entre R\u00fassia e Ucr\u00e2nia, que se arrasta ainda sem solu\u00e7\u00e3o.<\/p>\n\n\n\n<p>Diante do presidente da Ucr\u00e2nia, Volodymyr Zelensky, o presidente&nbsp;Lula condenou neste domingo a viola\u00e7\u00e3o da integra\u00e7\u00e3o territorial ucraniana e repudiou o &#8220;uso da for\u00e7a como meio de resolver disputas&#8221;. No encontro, Lula ficou entre o presidente americano Joe Biden e o premi\u00ea canadense Justin Trudeau.&nbsp;<\/p>\n\n\n\n<p>A ida de Lula ao Jap\u00e3o tamb\u00e9m tem servido para v\u00e1rios encontros bilaterais com chefes de Estado de outros pa\u00edses, onde as rela\u00e7\u00f5es comerciais e a defesa do meio ambiente t\u00eam sido as principais pautas.<\/p>\n\n\n\n<figure class=\"wp-block-image size-full\"><img loading=\"lazy\" decoding=\"async\" width=\"739\" height=\"415\" src=\"https:\/\/blogdorogeriogomes.com.br\/wp-content\/uploads\/2023\/05\/images-9.jpeg\" alt=\"\" class=\"wp-image-29356\" srcset=\"https:\/\/blogdorogeriogomes.com.br\/noticias\/wp-content\/uploads\/2023\/05\/images-9.jpeg 739w, https:\/\/blogdorogeriogomes.com.br\/noticias\/wp-content\/uploads\/2023\/05\/images-9-300x168.jpeg 300w\" sizes=\"auto, (max-width: 739px) 100vw, 739px\" \/><\/figure>\n","protected":false},"excerpt":{"rendered":"<p>A presen\u00e7a do Brasil na reuni\u00e3o do G7, em Hiroshima, no Jap\u00e3o, est\u00e1 sendo marcada por uma posi\u00e7\u00e3o firme do presidente Luiz In\u00e1cio Lula da Silva em denunciar o fracasso das pot\u00eancias em lidar com as crises internacionais, a cegueira diante das reivindica\u00e7\u00f5es dos emergentes e uma defesa veemente por uma forma do sistema internacional. O posicionamento do Brasil como protagonista no cen\u00e1rio diplom\u00e1tico foi bem recebido pela c\u00fapula da ONU, que tamb\u00e9m denuncia uma crise no sistema internacional&hellip;<\/p>\n","protected":false},"author":1,"featured_media":29356,"comment_status":"open","ping_status":"open","sticky":false,"template":"","format":"standard","meta":{"footnotes":""},"categories":[1],"tags":[],"class_list":["post-29355","post","type-post","status-publish","format-standard","has-post-thumbnail","hentry","category-noticias"],"_links":{"self":[{"href":"https:\/\/blogdorogeriogomes.com.br\/noticias\/wp-json\/wp\/v2\/posts\/29355","targetHints":{"allow":["GET"]}}],"collection":[{"href":"https:\/\/blogdorogeriogomes.com.br\/noticias\/wp-json\/wp\/v2\/posts"}],"about":[{"href":"https:\/\/blogdorogeriogomes.com.br\/noticias\/wp-json\/wp\/v2\/types\/post"}],"author":[{"embeddable":true,"href":"https:\/\/blogdorogeriogomes.com.br\/noticias\/wp-json\/wp\/v2\/users\/1"}],"replies":[{"embeddable":true,"href":"https:\/\/blogdorogeriogomes.com.br\/noticias\/wp-json\/wp\/v2\/comments?post=29355"}],"version-history":[{"count":2,"href":"https:\/\/blogdorogeriogomes.com.br\/noticias\/wp-json\/wp\/v2\/posts\/29355\/revisions"}],"predecessor-version":[{"id":29358,"href":"https:\/\/blogdorogeriogomes.com.br\/noticias\/wp-json\/wp\/v2\/posts\/29355\/revisions\/29358"}],"wp:featuredmedia":[{"embeddable":true,"href":"https:\/\/blogdorogeriogomes.com.br\/noticias\/wp-json\/wp\/v2\/media\/29356"}],"wp:attachment":[{"href":"https:\/\/blogdorogeriogomes.com.br\/noticias\/wp-json\/wp\/v2\/media?parent=29355"}],"wp:term":[{"taxonomy":"category","embeddable":true,"href":"https:\/\/blogdorogeriogomes.com.br\/noticias\/wp-json\/wp\/v2\/categories?post=29355"},{"taxonomy":"post_tag","embeddable":true,"href":"https:\/\/blogdorogeriogomes.com.br\/noticias\/wp-json\/wp\/v2\/tags?post=29355"}],"curies":[{"name":"wp","href":"https:\/\/api.w.org\/{rel}","templated":true}]}}