{"id":29364,"date":"2023-05-23T01:14:26","date_gmt":"2023-05-23T01:14:26","guid":{"rendered":"https:\/\/blogdorogeriogomes.com.br\/?p=29364"},"modified":"2023-05-23T11:29:47","modified_gmt":"2023-05-23T11:29:47","slug":"justica-suspende-taxa-de-lixo-em-fortaleza-mas-decisao-ainda-e-em-carater-liminar","status":"publish","type":"post","link":"https:\/\/blogdorogeriogomes.com.br\/noticias\/2023\/05\/justica-suspende-taxa-de-lixo-em-fortaleza-mas-decisao-ainda-e-em-carater-liminar\/","title":{"rendered":"Justi\u00e7a suspende taxa de lixo em Fortaleza, mas decis\u00e3o ainda \u00e9 em car\u00e1ter liminar"},"content":{"rendered":"\n<p>O Tribunal de Justi\u00e7a do Cear\u00e1 suspendeu a taxa do lixo em Fortaleza at\u00e9 julgamento de a\u00e7\u00e3o por inconstitucionalidade contra tarifa. O desembargador Durval Aires Filho suspendeu a taxa&nbsp;em car\u00e1ter liminar, ap\u00f3s o Minist\u00e9rio P\u00fablico ingressar com a\u00e7\u00e3o alegando inconstitucionalidade da legisla\u00e7\u00e3o. Como a decis\u00e3o \u00e9 ainda provis\u00f3ria, ela ser\u00e1 submetida ao \u00f3rg\u00e3o especial do Tribunal de Justi\u00e7a do Cear\u00e1 (TJCE). <\/p>\n\n\n\n<p>Muitos fortalezenses j\u00e1 pagaram a taxa no fim de abril, a fim de garantirem um desconto de 10%, e outros que optaram pelo parcelamento pagaram a primeira parcela. Por isso, como n\u00e3o h\u00e1 julgamento definitivo, quem j\u00e1 pagou ainda n\u00e3o dever\u00e1 ser ressarcido. No entanto, se a derrubada do tributo for confirmada, os valores dever\u00e3o ser devolvidos pela Prefeitura de Fortaleza.<br><\/p>\n\n\n\n<figure class=\"wp-block-image size-full\"><img loading=\"lazy\" decoding=\"async\" width=\"678\" height=\"452\" src=\"https:\/\/blogdorogeriogomes.com.br\/wp-content\/uploads\/2023\/05\/images-10.jpeg\" alt=\"\" class=\"wp-image-29365\" srcset=\"https:\/\/blogdorogeriogomes.com.br\/noticias\/wp-content\/uploads\/2023\/05\/images-10.jpeg 678w, https:\/\/blogdorogeriogomes.com.br\/noticias\/wp-content\/uploads\/2023\/05\/images-10-300x200.jpeg 300w\" sizes=\"auto, (max-width: 678px) 100vw, 678px\" \/><\/figure>\n","protected":false},"excerpt":{"rendered":"<p>O Tribunal de Justi\u00e7a do Cear\u00e1 suspendeu a taxa do lixo em Fortaleza at\u00e9 julgamento de a\u00e7\u00e3o por inconstitucionalidade contra tarifa. O desembargador Durval Aires Filho suspendeu a taxa&nbsp;em car\u00e1ter liminar, ap\u00f3s o Minist\u00e9rio P\u00fablico ingressar com a\u00e7\u00e3o alegando inconstitucionalidade da legisla\u00e7\u00e3o. Como a decis\u00e3o \u00e9 ainda provis\u00f3ria, ela ser\u00e1 submetida ao \u00f3rg\u00e3o especial do Tribunal de Justi\u00e7a do Cear\u00e1 (TJCE). Muitos fortalezenses j\u00e1 pagaram a taxa no fim de abril, a fim de garantirem um desconto de 10%,&hellip;<\/p>\n","protected":false},"author":1,"featured_media":29365,"comment_status":"open","ping_status":"open","sticky":false,"template":"","format":"standard","meta":{"footnotes":""},"categories":[1],"tags":[],"class_list":["post-29364","post","type-post","status-publish","format-standard","has-post-thumbnail","hentry","category-noticias"],"_links":{"self":[{"href":"https:\/\/blogdorogeriogomes.com.br\/noticias\/wp-json\/wp\/v2\/posts\/29364","targetHints":{"allow":["GET"]}}],"collection":[{"href":"https:\/\/blogdorogeriogomes.com.br\/noticias\/wp-json\/wp\/v2\/posts"}],"about":[{"href":"https:\/\/blogdorogeriogomes.com.br\/noticias\/wp-json\/wp\/v2\/types\/post"}],"author":[{"embeddable":true,"href":"https:\/\/blogdorogeriogomes.com.br\/noticias\/wp-json\/wp\/v2\/users\/1"}],"replies":[{"embeddable":true,"href":"https:\/\/blogdorogeriogomes.com.br\/noticias\/wp-json\/wp\/v2\/comments?post=29364"}],"version-history":[{"count":2,"href":"https:\/\/blogdorogeriogomes.com.br\/noticias\/wp-json\/wp\/v2\/posts\/29364\/revisions"}],"predecessor-version":[{"id":29377,"href":"https:\/\/blogdorogeriogomes.com.br\/noticias\/wp-json\/wp\/v2\/posts\/29364\/revisions\/29377"}],"wp:featuredmedia":[{"embeddable":true,"href":"https:\/\/blogdorogeriogomes.com.br\/noticias\/wp-json\/wp\/v2\/media\/29365"}],"wp:attachment":[{"href":"https:\/\/blogdorogeriogomes.com.br\/noticias\/wp-json\/wp\/v2\/media?parent=29364"}],"wp:term":[{"taxonomy":"category","embeddable":true,"href":"https:\/\/blogdorogeriogomes.com.br\/noticias\/wp-json\/wp\/v2\/categories?post=29364"},{"taxonomy":"post_tag","embeddable":true,"href":"https:\/\/blogdorogeriogomes.com.br\/noticias\/wp-json\/wp\/v2\/tags?post=29364"}],"curies":[{"name":"wp","href":"https:\/\/api.w.org\/{rel}","templated":true}]}}