{"id":29370,"date":"2023-05-23T01:34:44","date_gmt":"2023-05-23T01:34:44","guid":{"rendered":"https:\/\/blogdorogeriogomes.com.br\/?p=29370"},"modified":"2023-05-23T11:29:20","modified_gmt":"2023-05-23T11:29:20","slug":"apos-chuvas-avenidas-e-ruas-de-fortaleza-comecam-a-receber-operacao-tapa-buraco","status":"publish","type":"post","link":"https:\/\/blogdorogeriogomes.com.br\/noticias\/2023\/05\/apos-chuvas-avenidas-e-ruas-de-fortaleza-comecam-a-receber-operacao-tapa-buraco\/","title":{"rendered":"Ap\u00f3s chuvas, avenidas e ruas de Fortaleza come\u00e7am a receber Opera\u00e7\u00e3o Tapa-Buraco"},"content":{"rendered":"\n<p>Com a diminui\u00e7\u00e3o na intensidade de chuvas em Fortaleza, a Prefeitura da Capital intensifica a Opera\u00e7\u00e3o Tapa-Buraco em pelo menos 13 avenidas da cidade. As a\u00e7\u00f5es est\u00e3o sendo realizadas em vias mapeadas, por onde trafega uma m\u00e9dia de 2,3 milh\u00f5es de ve\u00edculos por dia.<\/p>\n\n\n\n<p>As vias que j\u00e1 tiveram o trabalho iniciado s\u00e3o Av. Presidente Castelo Branco; Av. Humberto Monte; Av. Aguanambi; Av. Bernardo Manuel; Av. Jos\u00e9 Jatahy; Av. Jovita Feitosa; Av. Pres. Costa e Silva; Av. Valpara\u00edso; Rua Anselmo Nogueira; Rua Verbena; Rua Cel. Matos Dourado; Rua Padre Pedro de Alencar; e Av. Viena Weyne.<\/p>\n\n\n\n<figure class=\"wp-block-image size-full\"><img loading=\"lazy\" decoding=\"async\" width=\"984\" height=\"578\" src=\"https:\/\/blogdorogeriogomes.com.br\/wp-content\/uploads\/2023\/05\/prefeitura-intensifica-tapa-buraco-nas-principais-vias-de-fortaleza-por-onde-passam-2-3-milhoes-de-veiculos-por-dia.jpg\" alt=\"\" class=\"wp-image-29371\" srcset=\"https:\/\/blogdorogeriogomes.com.br\/noticias\/wp-content\/uploads\/2023\/05\/prefeitura-intensifica-tapa-buraco-nas-principais-vias-de-fortaleza-por-onde-passam-2-3-milhoes-de-veiculos-por-dia.jpg 984w, https:\/\/blogdorogeriogomes.com.br\/noticias\/wp-content\/uploads\/2023\/05\/prefeitura-intensifica-tapa-buraco-nas-principais-vias-de-fortaleza-por-onde-passam-2-3-milhoes-de-veiculos-por-dia-300x176.jpg 300w, https:\/\/blogdorogeriogomes.com.br\/noticias\/wp-content\/uploads\/2023\/05\/prefeitura-intensifica-tapa-buraco-nas-principais-vias-de-fortaleza-por-onde-passam-2-3-milhoes-de-veiculos-por-dia-768x451.jpg 768w, https:\/\/blogdorogeriogomes.com.br\/noticias\/wp-content\/uploads\/2023\/05\/prefeitura-intensifica-tapa-buraco-nas-principais-vias-de-fortaleza-por-onde-passam-2-3-milhoes-de-veiculos-por-dia-800x470.jpg 800w\" sizes=\"auto, (max-width: 984px) 100vw, 984px\" \/><\/figure>\n","protected":false},"excerpt":{"rendered":"<p>Com a diminui\u00e7\u00e3o na intensidade de chuvas em Fortaleza, a Prefeitura da Capital intensifica a Opera\u00e7\u00e3o Tapa-Buraco em pelo menos 13 avenidas da cidade. As a\u00e7\u00f5es est\u00e3o sendo realizadas em vias mapeadas, por onde trafega uma m\u00e9dia de 2,3 milh\u00f5es de ve\u00edculos por dia. As vias que j\u00e1 tiveram o trabalho iniciado s\u00e3o Av. Presidente Castelo Branco; Av. Humberto Monte; Av. Aguanambi; Av. Bernardo Manuel; Av. Jos\u00e9 Jatahy; Av. Jovita Feitosa; Av. Pres. Costa e Silva; Av. Valpara\u00edso; Rua&hellip;<\/p>\n","protected":false},"author":1,"featured_media":29371,"comment_status":"open","ping_status":"open","sticky":false,"template":"","format":"standard","meta":{"footnotes":""},"categories":[1],"tags":[],"class_list":["post-29370","post","type-post","status-publish","format-standard","has-post-thumbnail","hentry","category-noticias"],"_links":{"self":[{"href":"https:\/\/blogdorogeriogomes.com.br\/noticias\/wp-json\/wp\/v2\/posts\/29370","targetHints":{"allow":["GET"]}}],"collection":[{"href":"https:\/\/blogdorogeriogomes.com.br\/noticias\/wp-json\/wp\/v2\/posts"}],"about":[{"href":"https:\/\/blogdorogeriogomes.com.br\/noticias\/wp-json\/wp\/v2\/types\/post"}],"author":[{"embeddable":true,"href":"https:\/\/blogdorogeriogomes.com.br\/noticias\/wp-json\/wp\/v2\/users\/1"}],"replies":[{"embeddable":true,"href":"https:\/\/blogdorogeriogomes.com.br\/noticias\/wp-json\/wp\/v2\/comments?post=29370"}],"version-history":[{"count":1,"href":"https:\/\/blogdorogeriogomes.com.br\/noticias\/wp-json\/wp\/v2\/posts\/29370\/revisions"}],"predecessor-version":[{"id":29372,"href":"https:\/\/blogdorogeriogomes.com.br\/noticias\/wp-json\/wp\/v2\/posts\/29370\/revisions\/29372"}],"wp:featuredmedia":[{"embeddable":true,"href":"https:\/\/blogdorogeriogomes.com.br\/noticias\/wp-json\/wp\/v2\/media\/29371"}],"wp:attachment":[{"href":"https:\/\/blogdorogeriogomes.com.br\/noticias\/wp-json\/wp\/v2\/media?parent=29370"}],"wp:term":[{"taxonomy":"category","embeddable":true,"href":"https:\/\/blogdorogeriogomes.com.br\/noticias\/wp-json\/wp\/v2\/categories?post=29370"},{"taxonomy":"post_tag","embeddable":true,"href":"https:\/\/blogdorogeriogomes.com.br\/noticias\/wp-json\/wp\/v2\/tags?post=29370"}],"curies":[{"name":"wp","href":"https:\/\/api.w.org\/{rel}","templated":true}]}}