{"id":29378,"date":"2023-05-23T19:59:00","date_gmt":"2023-05-23T19:59:00","guid":{"rendered":"https:\/\/blogdorogeriogomes.com.br\/?p=29378"},"modified":"2023-05-24T10:23:35","modified_gmt":"2023-05-24T10:23:35","slug":"evandro-leitao-debate-com-unipace-e-reitor-da-uece-a-oferta-de-mais-cursos","status":"publish","type":"post","link":"https:\/\/blogdorogeriogomes.com.br\/noticias\/2023\/05\/evandro-leitao-debate-com-unipace-e-reitor-da-uece-a-oferta-de-mais-cursos\/","title":{"rendered":"Evandro Leit\u00e3o debate com Unipace e reitor da Uece a oferta de mais cursos"},"content":{"rendered":"\n<p>O presidente da Assembleia Legislativa do Estado, deputado Evandro Leit\u00e3o (PDT), recebeu, nesta ter\u00e7a-feira, dia 23 de maio, o reitor da Universidade Estadual do Cear\u00e1 (Uece), Hidelbrando Soares, para discutir parcerias entre a institui\u00e7\u00e3o e a Escola Superior do Parlamento Cearense (Unipace).&nbsp;<\/p>\n\n\n\n<p>As duas entidades devem firmar conv\u00eanio para oferta de uma turma do curso de Mestrado em Pol\u00edticas P\u00fablicas e Gest\u00e3o voltada para servidores da Alece. A expectativa \u00e9 que a forma\u00e7\u00e3o seja disponibilizada j\u00e1 no segundo semestre deste ano.&nbsp;<\/p>\n\n\n\n<p>Al\u00e9m da parceria, o presidente destacou que o encontro tamb\u00e9m teve como pauta a expans\u00e3o da Uece no interior do Cear\u00e1, com a abertura de novos cursos e campi.&nbsp;<\/p>\n\n\n\n<figure class=\"wp-block-image size-full\"><img loading=\"lazy\" decoding=\"async\" width=\"821\" height=\"547\" src=\"https:\/\/blogdorogeriogomes.com.br\/wp-content\/uploads\/2023\/05\/AtgkIR78HZ201PD2ktVcYPlAVzYdGVAhoTdnZMEm.jpg\" alt=\"\" class=\"wp-image-29379\" srcset=\"https:\/\/blogdorogeriogomes.com.br\/noticias\/wp-content\/uploads\/2023\/05\/AtgkIR78HZ201PD2ktVcYPlAVzYdGVAhoTdnZMEm.jpg 821w, https:\/\/blogdorogeriogomes.com.br\/noticias\/wp-content\/uploads\/2023\/05\/AtgkIR78HZ201PD2ktVcYPlAVzYdGVAhoTdnZMEm-300x200.jpg 300w, https:\/\/blogdorogeriogomes.com.br\/noticias\/wp-content\/uploads\/2023\/05\/AtgkIR78HZ201PD2ktVcYPlAVzYdGVAhoTdnZMEm-768x512.jpg 768w, https:\/\/blogdorogeriogomes.com.br\/noticias\/wp-content\/uploads\/2023\/05\/AtgkIR78HZ201PD2ktVcYPlAVzYdGVAhoTdnZMEm-800x533.jpg 800w\" sizes=\"auto, (max-width: 821px) 100vw, 821px\" \/><\/figure>\n","protected":false},"excerpt":{"rendered":"<p>O presidente da Assembleia Legislativa do Estado, deputado Evandro Leit\u00e3o (PDT), recebeu, nesta ter\u00e7a-feira, dia 23 de maio, o reitor da Universidade Estadual do Cear\u00e1 (Uece), Hidelbrando Soares, para discutir parcerias entre a institui\u00e7\u00e3o e a Escola Superior do Parlamento Cearense (Unipace).&nbsp; As duas entidades devem firmar conv\u00eanio para oferta de uma turma do curso de Mestrado em Pol\u00edticas P\u00fablicas e Gest\u00e3o voltada para servidores da Alece. A expectativa \u00e9 que a forma\u00e7\u00e3o seja disponibilizada j\u00e1 no segundo semestre&hellip;<\/p>\n","protected":false},"author":1,"featured_media":29379,"comment_status":"open","ping_status":"open","sticky":false,"template":"","format":"standard","meta":{"footnotes":""},"categories":[1],"tags":[],"class_list":["post-29378","post","type-post","status-publish","format-standard","has-post-thumbnail","hentry","category-noticias"],"_links":{"self":[{"href":"https:\/\/blogdorogeriogomes.com.br\/noticias\/wp-json\/wp\/v2\/posts\/29378","targetHints":{"allow":["GET"]}}],"collection":[{"href":"https:\/\/blogdorogeriogomes.com.br\/noticias\/wp-json\/wp\/v2\/posts"}],"about":[{"href":"https:\/\/blogdorogeriogomes.com.br\/noticias\/wp-json\/wp\/v2\/types\/post"}],"author":[{"embeddable":true,"href":"https:\/\/blogdorogeriogomes.com.br\/noticias\/wp-json\/wp\/v2\/users\/1"}],"replies":[{"embeddable":true,"href":"https:\/\/blogdorogeriogomes.com.br\/noticias\/wp-json\/wp\/v2\/comments?post=29378"}],"version-history":[{"count":2,"href":"https:\/\/blogdorogeriogomes.com.br\/noticias\/wp-json\/wp\/v2\/posts\/29378\/revisions"}],"predecessor-version":[{"id":29390,"href":"https:\/\/blogdorogeriogomes.com.br\/noticias\/wp-json\/wp\/v2\/posts\/29378\/revisions\/29390"}],"wp:featuredmedia":[{"embeddable":true,"href":"https:\/\/blogdorogeriogomes.com.br\/noticias\/wp-json\/wp\/v2\/media\/29379"}],"wp:attachment":[{"href":"https:\/\/blogdorogeriogomes.com.br\/noticias\/wp-json\/wp\/v2\/media?parent=29378"}],"wp:term":[{"taxonomy":"category","embeddable":true,"href":"https:\/\/blogdorogeriogomes.com.br\/noticias\/wp-json\/wp\/v2\/categories?post=29378"},{"taxonomy":"post_tag","embeddable":true,"href":"https:\/\/blogdorogeriogomes.com.br\/noticias\/wp-json\/wp\/v2\/tags?post=29378"}],"curies":[{"name":"wp","href":"https:\/\/api.w.org\/{rel}","templated":true}]}}