{"id":29384,"date":"2023-05-24T10:04:50","date_gmt":"2023-05-24T10:04:50","guid":{"rendered":"https:\/\/blogdorogeriogomes.com.br\/?p=29384"},"modified":"2023-05-24T10:23:13","modified_gmt":"2023-05-24T10:23:13","slug":"dia-livre-de-impostos-reune-lojistas-de-fortaleza-nesta-quinta-feira","status":"publish","type":"post","link":"https:\/\/blogdorogeriogomes.com.br\/noticias\/2023\/05\/dia-livre-de-impostos-reune-lojistas-de-fortaleza-nesta-quinta-feira\/","title":{"rendered":"Dia Livre de Impostos re\u00fane lojistas de Fortaleza nesta quinta-feira"},"content":{"rendered":"\n<p>O Dia Livre de Impostos, que acontece nesta quinta-feira , dia 25 de maio, chega a 17\u00aa edi\u00e7\u00e3o em 2023 e j\u00e1 tem 172 lojas participantes em Fortaleza. A campanha re\u00fane lojas comercializando seus produtos e servi\u00e7os sem repassar o valor da tributa\u00e7\u00e3o aos consumidores. <\/p>\n\n\n\n<p>Participam lojistas dos shoppings RioMar Fortaleza e RioMar Kennedy, al\u00e9m das lojas do Centro, sob a coordena\u00e7\u00e3o da&nbsp;Confedera\u00e7\u00e3o Nacional dos Dirigentes Lojistas (CNDL) e da C\u00e2mara de Dirigentes Lojistas Jovem (CDL Jovem). A previs\u00e3o \u00e9 de que a ades\u00e3o chegue a mais&nbsp;de 200 empresas&nbsp;na capital cearense. Em alguns casos, os descontos podem chegar a 70% do valor final do produto.<br><\/p>\n\n\n\n<figure class=\"wp-block-image size-full\"><img loading=\"lazy\" decoding=\"async\" width=\"678\" height=\"452\" src=\"https:\/\/blogdorogeriogomes.com.br\/wp-content\/uploads\/2023\/05\/images-12-1.jpeg\" alt=\"\" class=\"wp-image-29385\" srcset=\"https:\/\/blogdorogeriogomes.com.br\/noticias\/wp-content\/uploads\/2023\/05\/images-12-1.jpeg 678w, https:\/\/blogdorogeriogomes.com.br\/noticias\/wp-content\/uploads\/2023\/05\/images-12-1-300x200.jpeg 300w\" sizes=\"auto, (max-width: 678px) 100vw, 678px\" \/><\/figure>\n","protected":false},"excerpt":{"rendered":"<p>O Dia Livre de Impostos, que acontece nesta quinta-feira , dia 25 de maio, chega a 17\u00aa edi\u00e7\u00e3o em 2023 e j\u00e1 tem 172 lojas participantes em Fortaleza. A campanha re\u00fane lojas comercializando seus produtos e servi\u00e7os sem repassar o valor da tributa\u00e7\u00e3o aos consumidores. Participam lojistas dos shoppings RioMar Fortaleza e RioMar Kennedy, al\u00e9m das lojas do Centro, sob a coordena\u00e7\u00e3o da&nbsp;Confedera\u00e7\u00e3o Nacional dos Dirigentes Lojistas (CNDL) e da C\u00e2mara de Dirigentes Lojistas Jovem (CDL Jovem). A previs\u00e3o&hellip;<\/p>\n","protected":false},"author":1,"featured_media":29385,"comment_status":"open","ping_status":"open","sticky":false,"template":"","format":"standard","meta":{"footnotes":""},"categories":[1],"tags":[],"class_list":["post-29384","post","type-post","status-publish","format-standard","has-post-thumbnail","hentry","category-noticias"],"_links":{"self":[{"href":"https:\/\/blogdorogeriogomes.com.br\/noticias\/wp-json\/wp\/v2\/posts\/29384","targetHints":{"allow":["GET"]}}],"collection":[{"href":"https:\/\/blogdorogeriogomes.com.br\/noticias\/wp-json\/wp\/v2\/posts"}],"about":[{"href":"https:\/\/blogdorogeriogomes.com.br\/noticias\/wp-json\/wp\/v2\/types\/post"}],"author":[{"embeddable":true,"href":"https:\/\/blogdorogeriogomes.com.br\/noticias\/wp-json\/wp\/v2\/users\/1"}],"replies":[{"embeddable":true,"href":"https:\/\/blogdorogeriogomes.com.br\/noticias\/wp-json\/wp\/v2\/comments?post=29384"}],"version-history":[{"count":2,"href":"https:\/\/blogdorogeriogomes.com.br\/noticias\/wp-json\/wp\/v2\/posts\/29384\/revisions"}],"predecessor-version":[{"id":29388,"href":"https:\/\/blogdorogeriogomes.com.br\/noticias\/wp-json\/wp\/v2\/posts\/29384\/revisions\/29388"}],"wp:featuredmedia":[{"embeddable":true,"href":"https:\/\/blogdorogeriogomes.com.br\/noticias\/wp-json\/wp\/v2\/media\/29385"}],"wp:attachment":[{"href":"https:\/\/blogdorogeriogomes.com.br\/noticias\/wp-json\/wp\/v2\/media?parent=29384"}],"wp:term":[{"taxonomy":"category","embeddable":true,"href":"https:\/\/blogdorogeriogomes.com.br\/noticias\/wp-json\/wp\/v2\/categories?post=29384"},{"taxonomy":"post_tag","embeddable":true,"href":"https:\/\/blogdorogeriogomes.com.br\/noticias\/wp-json\/wp\/v2\/tags?post=29384"}],"curies":[{"name":"wp","href":"https:\/\/api.w.org\/{rel}","templated":true}]}}