{"id":29387,"date":"2023-05-24T10:26:22","date_gmt":"2023-05-24T10:26:22","guid":{"rendered":"https:\/\/blogdorogeriogomes.com.br\/?p=29387"},"modified":"2023-05-24T10:26:23","modified_gmt":"2023-05-24T10:26:23","slug":"governo-lula-consegue-aprovacao-do-texto-do-arcabouco-fiscal-na-camara-por-372-votos-a-108","status":"publish","type":"post","link":"https:\/\/blogdorogeriogomes.com.br\/noticias\/2023\/05\/governo-lula-consegue-aprovacao-do-texto-do-arcabouco-fiscal-na-camara-por-372-votos-a-108\/","title":{"rendered":"Governo Lula consegue aprova\u00e7\u00e3o do texto do arcabou\u00e7o fiscal na C\u00e2mara por 372 votos a 108"},"content":{"rendered":"\n<p>O Governo Lula conseguiu importante vit\u00f3ria na C\u00e2mara dos Deputados. A\u00a0Casa aprovou nesta ter\u00e7a-feira, dia 23 de maio, o novo arcabou\u00e7o fiscal, projeto que substitui o atual teto de gastos como mecanismo que limita gastos da Uni\u00e3o. Foram 372 votos a favor\u00a0e 108 votos contra. Dos deputados federais cearenses, apenas tr\u00eas votaram contra: Andr\u00e9 Fernandes (PL),  Dayany Bittencourt (Uni\u00e3o) e Dr. Jaziel (PL).<\/p>\n\n\n\n<p>O novo arcabou\u00e7o foi enviado pelo Governo ao Congresso em abril passado. Assim como o teto, tamb\u00e9m prev\u00ea limitar os gastos, mas \u00e9 mais flex\u00edvel: atrela a margem de crescimento das despesas ao aumento das receitas. A proposta possui gatilhos e san\u00e7\u00f5es para caso de n\u00e3o cumprimento de metas fiscais. Com a aprova\u00e7\u00e3o dos deputados, o texto passar\u00e1 pela an\u00e1lise do Senado.<\/p>\n\n\n\n<figure class=\"wp-block-image size-full\"><img loading=\"lazy\" decoding=\"async\" width=\"678\" height=\"452\" src=\"https:\/\/blogdorogeriogomes.com.br\/wp-content\/uploads\/2023\/05\/images-13-1.jpeg\" alt=\"\" class=\"wp-image-29391\" srcset=\"https:\/\/blogdorogeriogomes.com.br\/noticias\/wp-content\/uploads\/2023\/05\/images-13-1.jpeg 678w, https:\/\/blogdorogeriogomes.com.br\/noticias\/wp-content\/uploads\/2023\/05\/images-13-1-300x200.jpeg 300w\" sizes=\"auto, (max-width: 678px) 100vw, 678px\" \/><\/figure>\n","protected":false},"excerpt":{"rendered":"<p>O Governo Lula conseguiu importante vit\u00f3ria na C\u00e2mara dos Deputados. A\u00a0Casa aprovou nesta ter\u00e7a-feira, dia 23 de maio, o novo arcabou\u00e7o fiscal, projeto que substitui o atual teto de gastos como mecanismo que limita gastos da Uni\u00e3o. Foram 372 votos a favor\u00a0e 108 votos contra. Dos deputados federais cearenses, apenas tr\u00eas votaram contra: Andr\u00e9 Fernandes (PL), Dayany Bittencourt (Uni\u00e3o) e Dr. Jaziel (PL). O novo arcabou\u00e7o foi enviado pelo Governo ao Congresso em abril passado. Assim como o teto,&hellip;<\/p>\n","protected":false},"author":1,"featured_media":0,"comment_status":"open","ping_status":"open","sticky":false,"template":"","format":"standard","meta":{"footnotes":""},"categories":[1],"tags":[],"class_list":["post-29387","post","type-post","status-publish","format-standard","hentry","category-noticias"],"_links":{"self":[{"href":"https:\/\/blogdorogeriogomes.com.br\/noticias\/wp-json\/wp\/v2\/posts\/29387","targetHints":{"allow":["GET"]}}],"collection":[{"href":"https:\/\/blogdorogeriogomes.com.br\/noticias\/wp-json\/wp\/v2\/posts"}],"about":[{"href":"https:\/\/blogdorogeriogomes.com.br\/noticias\/wp-json\/wp\/v2\/types\/post"}],"author":[{"embeddable":true,"href":"https:\/\/blogdorogeriogomes.com.br\/noticias\/wp-json\/wp\/v2\/users\/1"}],"replies":[{"embeddable":true,"href":"https:\/\/blogdorogeriogomes.com.br\/noticias\/wp-json\/wp\/v2\/comments?post=29387"}],"version-history":[{"count":1,"href":"https:\/\/blogdorogeriogomes.com.br\/noticias\/wp-json\/wp\/v2\/posts\/29387\/revisions"}],"predecessor-version":[{"id":29392,"href":"https:\/\/blogdorogeriogomes.com.br\/noticias\/wp-json\/wp\/v2\/posts\/29387\/revisions\/29392"}],"wp:attachment":[{"href":"https:\/\/blogdorogeriogomes.com.br\/noticias\/wp-json\/wp\/v2\/media?parent=29387"}],"wp:term":[{"taxonomy":"category","embeddable":true,"href":"https:\/\/blogdorogeriogomes.com.br\/noticias\/wp-json\/wp\/v2\/categories?post=29387"},{"taxonomy":"post_tag","embeddable":true,"href":"https:\/\/blogdorogeriogomes.com.br\/noticias\/wp-json\/wp\/v2\/tags?post=29387"}],"curies":[{"name":"wp","href":"https:\/\/api.w.org\/{rel}","templated":true}]}}