{"id":29393,"date":"2023-05-24T14:49:16","date_gmt":"2023-05-24T14:49:16","guid":{"rendered":"https:\/\/blogdorogeriogomes.com.br\/?p=29393"},"modified":"2023-05-24T14:49:16","modified_gmt":"2023-05-24T14:49:16","slug":"policia-militar-do-ceara-ganha-novo-complexo-de-saude-e-ambulancias","status":"publish","type":"post","link":"https:\/\/blogdorogeriogomes.com.br\/noticias\/2023\/05\/policia-militar-do-ceara-ganha-novo-complexo-de-saude-e-ambulancias\/","title":{"rendered":"Pol\u00edcia Militar do Cear\u00e1 ganha novo complexo de sa\u00fade e ambul\u00e2ncias"},"content":{"rendered":"\n<p>Em comemora\u00e7\u00e3o aos 188 anos da Pol\u00edcia Militar do Cear\u00e1, o Governo do Estado inaugurou na manh\u00e3 desta quarta-feira, dia 24 de maio, em Fortaleza, a nova sede da Coordenadoria de Sa\u00fade, Assist\u00eancia Social e Religiosa da PMCE e entregou tr\u00eas ambul\u00e2ncias. O local abriga um novo Complexo de Assist\u00eancia Biopsicossocial, Odontol\u00f3gica e Laboratorial para atender policiais bombeiros e militares, dependentes e funcion\u00e1rios civis. A solenidade contou com as presen\u00e7as da vice-governadora Jade Romero; do secret\u00e1rio da Seguran\u00e7a P\u00fablica e Defesa Social, Samuel El\u00e2nio; do comandante-geral da Pol\u00edcia Militar, tenente-coronel Kl\u00eanio Savyo; e de outras autoridades.<\/p>\n\n\n\n<p>O equipamento disp\u00f5e de dez consult\u00f3rios multiprofissionais, onze consult\u00f3rios odontol\u00f3gicos, espa\u00e7o para pilates, consult\u00f3rio de fisioterapia, audit\u00f3rio e espa\u00e7o para trabalho em pequenos grupos. O atendimento acontecer\u00e1 por agendamento e livre demanda.<\/p>\n\n\n\n<figure class=\"wp-block-image size-large\"><img loading=\"lazy\" decoding=\"async\" width=\"1024\" height=\"683\" src=\"https:\/\/blogdorogeriogomes.com.br\/wp-content\/uploads\/2023\/05\/230524_PM-ENTREGA-COMPLEXO-DE-ASSISTENCIA_TG0501-1200x800-1-1024x683.jpg\" alt=\"\" class=\"wp-image-29394\" srcset=\"https:\/\/blogdorogeriogomes.com.br\/noticias\/wp-content\/uploads\/2023\/05\/230524_PM-ENTREGA-COMPLEXO-DE-ASSISTENCIA_TG0501-1200x800-1-1024x683.jpg 1024w, https:\/\/blogdorogeriogomes.com.br\/noticias\/wp-content\/uploads\/2023\/05\/230524_PM-ENTREGA-COMPLEXO-DE-ASSISTENCIA_TG0501-1200x800-1-300x200.jpg 300w, https:\/\/blogdorogeriogomes.com.br\/noticias\/wp-content\/uploads\/2023\/05\/230524_PM-ENTREGA-COMPLEXO-DE-ASSISTENCIA_TG0501-1200x800-1-768x512.jpg 768w, https:\/\/blogdorogeriogomes.com.br\/noticias\/wp-content\/uploads\/2023\/05\/230524_PM-ENTREGA-COMPLEXO-DE-ASSISTENCIA_TG0501-1200x800-1-800x533.jpg 800w, https:\/\/blogdorogeriogomes.com.br\/noticias\/wp-content\/uploads\/2023\/05\/230524_PM-ENTREGA-COMPLEXO-DE-ASSISTENCIA_TG0501-1200x800-1.jpg 1200w\" sizes=\"auto, (max-width: 1024px) 100vw, 1024px\" \/><\/figure>\n","protected":false},"excerpt":{"rendered":"<p>Em comemora\u00e7\u00e3o aos 188 anos da Pol\u00edcia Militar do Cear\u00e1, o Governo do Estado inaugurou na manh\u00e3 desta quarta-feira, dia 24 de maio, em Fortaleza, a nova sede da Coordenadoria de Sa\u00fade, Assist\u00eancia Social e Religiosa da PMCE e entregou tr\u00eas ambul\u00e2ncias. O local abriga um novo Complexo de Assist\u00eancia Biopsicossocial, Odontol\u00f3gica e Laboratorial para atender policiais bombeiros e militares, dependentes e funcion\u00e1rios civis. A solenidade contou com as presen\u00e7as da vice-governadora Jade Romero; do secret\u00e1rio da Seguran\u00e7a P\u00fablica&hellip;<\/p>\n","protected":false},"author":1,"featured_media":0,"comment_status":"open","ping_status":"open","sticky":false,"template":"","format":"standard","meta":{"footnotes":""},"categories":[1],"tags":[],"class_list":["post-29393","post","type-post","status-publish","format-standard","hentry","category-noticias"],"_links":{"self":[{"href":"https:\/\/blogdorogeriogomes.com.br\/noticias\/wp-json\/wp\/v2\/posts\/29393","targetHints":{"allow":["GET"]}}],"collection":[{"href":"https:\/\/blogdorogeriogomes.com.br\/noticias\/wp-json\/wp\/v2\/posts"}],"about":[{"href":"https:\/\/blogdorogeriogomes.com.br\/noticias\/wp-json\/wp\/v2\/types\/post"}],"author":[{"embeddable":true,"href":"https:\/\/blogdorogeriogomes.com.br\/noticias\/wp-json\/wp\/v2\/users\/1"}],"replies":[{"embeddable":true,"href":"https:\/\/blogdorogeriogomes.com.br\/noticias\/wp-json\/wp\/v2\/comments?post=29393"}],"version-history":[{"count":1,"href":"https:\/\/blogdorogeriogomes.com.br\/noticias\/wp-json\/wp\/v2\/posts\/29393\/revisions"}],"predecessor-version":[{"id":29395,"href":"https:\/\/blogdorogeriogomes.com.br\/noticias\/wp-json\/wp\/v2\/posts\/29393\/revisions\/29395"}],"wp:attachment":[{"href":"https:\/\/blogdorogeriogomes.com.br\/noticias\/wp-json\/wp\/v2\/media?parent=29393"}],"wp:term":[{"taxonomy":"category","embeddable":true,"href":"https:\/\/blogdorogeriogomes.com.br\/noticias\/wp-json\/wp\/v2\/categories?post=29393"},{"taxonomy":"post_tag","embeddable":true,"href":"https:\/\/blogdorogeriogomes.com.br\/noticias\/wp-json\/wp\/v2\/tags?post=29393"}],"curies":[{"name":"wp","href":"https:\/\/api.w.org\/{rel}","templated":true}]}}