{"id":29396,"date":"2023-05-24T21:04:39","date_gmt":"2023-05-24T21:04:39","guid":{"rendered":"https:\/\/blogdorogeriogomes.com.br\/?p=29396"},"modified":"2023-05-24T21:04:40","modified_gmt":"2023-05-24T21:04:40","slug":"governadores-discutem-recursos-para-piso-da-enfermagem-durante-reuniao-em-brasilia","status":"publish","type":"post","link":"https:\/\/blogdorogeriogomes.com.br\/noticias\/2023\/05\/governadores-discutem-recursos-para-piso-da-enfermagem-durante-reuniao-em-brasilia\/","title":{"rendered":"Governadores discutem recursos para piso da enfermagem durante reuni\u00e3o em Bras\u00edlia"},"content":{"rendered":"\n<p>O governador do Cear\u00e1, Elmano de Freitas, participou do F\u00f3rum Nacional dos Governadores, realizado em Bras\u00edlia, nesta quarta-feira, dia 24 de maio. &#8220;No encontro, debatemos sobre temas relevantes, como a reforma tribut\u00e1ria e o pagamento do piso dos profissionais de enfermagem&#8221;, disse Elmano.<\/p>\n\n\n\n<p>Os governadores presentes ao encontro mostraram preocupa\u00e7\u00e3o com os recursos destinados ao pagamento do piso da enfermagem. Segundo Elmano de Freitas, os valores previstos pelo Governo Federal para amortizar o impacto nos estados \u00e9 insuficiente.<\/p>\n\n\n\n<p>No in\u00edcio do m\u00eas, o presidente Lula (PT) sancionou um projeto de lei que abre cr\u00e9dito especial no valor de R$ 7,3 bilh\u00f5es no Or\u00e7amento da Seguridade Social da Uni\u00e3o em favor do Minist\u00e9rio da Sa\u00fade para pagar o piso de trabalhadores da enfermagem.\u00a0<\/p>\n\n\n\n<figure class=\"wp-block-image size-full\"><img loading=\"lazy\" decoding=\"async\" width=\"720\" height=\"562\" src=\"https:\/\/blogdorogeriogomes.com.br\/wp-content\/uploads\/2023\/05\/IMG-20230524-WA0119.jpg\" alt=\"\" class=\"wp-image-29397\" srcset=\"https:\/\/blogdorogeriogomes.com.br\/noticias\/wp-content\/uploads\/2023\/05\/IMG-20230524-WA0119.jpg 720w, https:\/\/blogdorogeriogomes.com.br\/noticias\/wp-content\/uploads\/2023\/05\/IMG-20230524-WA0119-300x234.jpg 300w\" sizes=\"auto, (max-width: 720px) 100vw, 720px\" \/><\/figure>\n","protected":false},"excerpt":{"rendered":"<p>O governador do Cear\u00e1, Elmano de Freitas, participou do F\u00f3rum Nacional dos Governadores, realizado em Bras\u00edlia, nesta quarta-feira, dia 24 de maio. &#8220;No encontro, debatemos sobre temas relevantes, como a reforma tribut\u00e1ria e o pagamento do piso dos profissionais de enfermagem&#8221;, disse Elmano. Os governadores presentes ao encontro mostraram preocupa\u00e7\u00e3o com os recursos destinados ao pagamento do piso da enfermagem. Segundo Elmano de Freitas, os valores previstos pelo Governo Federal para amortizar o impacto nos estados \u00e9 insuficiente. No&hellip;<\/p>\n","protected":false},"author":1,"featured_media":0,"comment_status":"open","ping_status":"open","sticky":false,"template":"","format":"standard","meta":{"footnotes":""},"categories":[1],"tags":[],"class_list":["post-29396","post","type-post","status-publish","format-standard","hentry","category-noticias"],"_links":{"self":[{"href":"https:\/\/blogdorogeriogomes.com.br\/noticias\/wp-json\/wp\/v2\/posts\/29396","targetHints":{"allow":["GET"]}}],"collection":[{"href":"https:\/\/blogdorogeriogomes.com.br\/noticias\/wp-json\/wp\/v2\/posts"}],"about":[{"href":"https:\/\/blogdorogeriogomes.com.br\/noticias\/wp-json\/wp\/v2\/types\/post"}],"author":[{"embeddable":true,"href":"https:\/\/blogdorogeriogomes.com.br\/noticias\/wp-json\/wp\/v2\/users\/1"}],"replies":[{"embeddable":true,"href":"https:\/\/blogdorogeriogomes.com.br\/noticias\/wp-json\/wp\/v2\/comments?post=29396"}],"version-history":[{"count":1,"href":"https:\/\/blogdorogeriogomes.com.br\/noticias\/wp-json\/wp\/v2\/posts\/29396\/revisions"}],"predecessor-version":[{"id":29398,"href":"https:\/\/blogdorogeriogomes.com.br\/noticias\/wp-json\/wp\/v2\/posts\/29396\/revisions\/29398"}],"wp:attachment":[{"href":"https:\/\/blogdorogeriogomes.com.br\/noticias\/wp-json\/wp\/v2\/media?parent=29396"}],"wp:term":[{"taxonomy":"category","embeddable":true,"href":"https:\/\/blogdorogeriogomes.com.br\/noticias\/wp-json\/wp\/v2\/categories?post=29396"},{"taxonomy":"post_tag","embeddable":true,"href":"https:\/\/blogdorogeriogomes.com.br\/noticias\/wp-json\/wp\/v2\/tags?post=29396"}],"curies":[{"name":"wp","href":"https:\/\/api.w.org\/{rel}","templated":true}]}}