{"id":29399,"date":"2023-05-25T12:03:33","date_gmt":"2023-05-25T12:03:33","guid":{"rendered":"https:\/\/blogdorogeriogomes.com.br\/?p=29399"},"modified":"2023-05-25T12:03:34","modified_gmt":"2023-05-25T12:03:34","slug":"ministros-de-lula-discutem-plano-plurianual-no-ceara-nesta-sexta-feira","status":"publish","type":"post","link":"https:\/\/blogdorogeriogomes.com.br\/noticias\/2023\/05\/ministros-de-lula-discutem-plano-plurianual-no-ceara-nesta-sexta-feira\/","title":{"rendered":"Ministros de Lula discutem Plano Plurianual no Cear\u00e1 nesta sexta-feira"},"content":{"rendered":"\n<p>Mais tr\u00eas ministros do Governo Lula estar\u00e3o em Fortaleza, nesta sexta-feira, dia 26 de maio. O Cear\u00e1 recebe plen\u00e1ria para a elabora\u00e7\u00e3o participativa do Plano Plurianual (PPA), promovido pelo Governo Federal, com o objetivo de incorporar as prioridades indicadas pela sociedade civil no PPA 2024-2027. Os encontros s\u00e3o realizados nas 27 unidades da federa\u00e7\u00e3o, at\u00e9 10 de julho de 2023.<\/p>\n\n\n\n<p>Os ministros M\u00e1rcio Mac\u00eado, da Secretaria-Geral da Presid\u00eancia da Rep\u00fablica, e Simone Tebet (foto), Planejamento e Or\u00e7amento, participam da plen\u00e1ria cearense, ao lado do ministro da Educa\u00e7\u00e3o, Camilo Santana, e do governador do Cear\u00e1, Elmano de Freitas.<\/p>\n\n\n\n<figure class=\"wp-block-image size-full\"><img loading=\"lazy\" decoding=\"async\" width=\"679\" height=\"452\" src=\"https:\/\/blogdorogeriogomes.com.br\/wp-content\/uploads\/2023\/05\/images-14-1.jpeg\" alt=\"\" class=\"wp-image-29400\" srcset=\"https:\/\/blogdorogeriogomes.com.br\/noticias\/wp-content\/uploads\/2023\/05\/images-14-1.jpeg 679w, https:\/\/blogdorogeriogomes.com.br\/noticias\/wp-content\/uploads\/2023\/05\/images-14-1-300x200.jpeg 300w\" sizes=\"auto, (max-width: 679px) 100vw, 679px\" \/><\/figure>\n","protected":false},"excerpt":{"rendered":"<p>Mais tr\u00eas ministros do Governo Lula estar\u00e3o em Fortaleza, nesta sexta-feira, dia 26 de maio. O Cear\u00e1 recebe plen\u00e1ria para a elabora\u00e7\u00e3o participativa do Plano Plurianual (PPA), promovido pelo Governo Federal, com o objetivo de incorporar as prioridades indicadas pela sociedade civil no PPA 2024-2027. Os encontros s\u00e3o realizados nas 27 unidades da federa\u00e7\u00e3o, at\u00e9 10 de julho de 2023. Os ministros M\u00e1rcio Mac\u00eado, da Secretaria-Geral da Presid\u00eancia da Rep\u00fablica, e Simone Tebet (foto), Planejamento e Or\u00e7amento, participam da&hellip;<\/p>\n","protected":false},"author":1,"featured_media":0,"comment_status":"open","ping_status":"open","sticky":false,"template":"","format":"standard","meta":{"footnotes":""},"categories":[1],"tags":[],"class_list":["post-29399","post","type-post","status-publish","format-standard","hentry","category-noticias"],"_links":{"self":[{"href":"https:\/\/blogdorogeriogomes.com.br\/noticias\/wp-json\/wp\/v2\/posts\/29399","targetHints":{"allow":["GET"]}}],"collection":[{"href":"https:\/\/blogdorogeriogomes.com.br\/noticias\/wp-json\/wp\/v2\/posts"}],"about":[{"href":"https:\/\/blogdorogeriogomes.com.br\/noticias\/wp-json\/wp\/v2\/types\/post"}],"author":[{"embeddable":true,"href":"https:\/\/blogdorogeriogomes.com.br\/noticias\/wp-json\/wp\/v2\/users\/1"}],"replies":[{"embeddable":true,"href":"https:\/\/blogdorogeriogomes.com.br\/noticias\/wp-json\/wp\/v2\/comments?post=29399"}],"version-history":[{"count":1,"href":"https:\/\/blogdorogeriogomes.com.br\/noticias\/wp-json\/wp\/v2\/posts\/29399\/revisions"}],"predecessor-version":[{"id":29401,"href":"https:\/\/blogdorogeriogomes.com.br\/noticias\/wp-json\/wp\/v2\/posts\/29399\/revisions\/29401"}],"wp:attachment":[{"href":"https:\/\/blogdorogeriogomes.com.br\/noticias\/wp-json\/wp\/v2\/media?parent=29399"}],"wp:term":[{"taxonomy":"category","embeddable":true,"href":"https:\/\/blogdorogeriogomes.com.br\/noticias\/wp-json\/wp\/v2\/categories?post=29399"},{"taxonomy":"post_tag","embeddable":true,"href":"https:\/\/blogdorogeriogomes.com.br\/noticias\/wp-json\/wp\/v2\/tags?post=29399"}],"curies":[{"name":"wp","href":"https:\/\/api.w.org\/{rel}","templated":true}]}}