{"id":29402,"date":"2023-05-25T12:15:06","date_gmt":"2023-05-25T12:15:06","guid":{"rendered":"https:\/\/blogdorogeriogomes.com.br\/?p=29402"},"modified":"2023-05-25T12:15:07","modified_gmt":"2023-05-25T12:15:07","slug":"assembleia-legislativa-realiza-debate-sobre-producao-de-hidrogenio-verde-no-ceara","status":"publish","type":"post","link":"https:\/\/blogdorogeriogomes.com.br\/noticias\/2023\/05\/assembleia-legislativa-realiza-debate-sobre-producao-de-hidrogenio-verde-no-ceara\/","title":{"rendered":"Assembleia Legislativa realiza debate sobre produ\u00e7\u00e3o de hidrog\u00eanio verde no Cear\u00e1"},"content":{"rendered":"\n<p>A Assembleia Legislativa do Estado do Cear\u00e1 realiza, nesta sexta-feira, dia 26 de maio, o debate \u201cHidrog\u00eanio verde: inova\u00e7\u00e3o e energia limpa no Cear\u00e1\u201d, sobre as potencialidades do desenvolvimento do hidrog\u00eanio verde (H2V) no Estado, al\u00e9m do protagonismo do Nordeste na produ\u00e7\u00e3o de energias limpas, bem como a import\u00e2ncia dessa inova\u00e7\u00e3o para o desenvolvimento econ\u00f4mico, social e industrial. O evento ocorre no Plen\u00e1rio 13 de Maio, a partir das 9 horas.<\/p>\n\n\n\n<p>Participam do evento o presidente da Alece, deputado Evandro Leit\u00e3o (PDT); o presidente da Comiss\u00e3o de Hidrog\u00eanio Verde do Senado Federal, senador Cid Gomes (PDT\/CE); o secret\u00e1rio do Desenvolvimento Econ\u00f4mico do Cear\u00e1, Salmito Filho; o vice-presidente do Banco de Desenvolvimento da Am\u00e9rica Latina, Jorge Arbache; o diretor-presidente do Complexo Industrial e Portu\u00e1rio do Pec\u00e9m (CIPP), Hugo Figueir\u00eado; o presidente da Federa\u00e7\u00e3o das Ind\u00fastrias do Estado do Cear\u00e1 (Fiec), Ricardo Cavalcante, e o presidente da Comiss\u00e3o Especial para Estudo sobre o Hidrog\u00eanio Verde no Estado do Cear\u00e1, da Ordem dos Advogados do Brasil, sec\u00e7\u00e3o Cear\u00e1 (OAB-CE), Jos\u00e9 Amaury Gomes.<\/p>\n\n\n\n<p>O deputado Evandro Leit\u00e3o, presidente da Alece, cita a import\u00e2ncia do debate sobre hidrog\u00eanio verde e destaca o potencial do Cear\u00e1 como protagonista na produ\u00e7\u00e3o dessa inovadora fonte de energia. \u201cNessa sess\u00e3o especial, teremos importantes convidados que mostrar\u00e3o os impactos do hidrog\u00eanio verde no Cear\u00e1 e no Brasil do ponto de vista social e econ\u00f4mico. Esse \u00e9 um tema em crescente discuss\u00e3o por conta do alto volume de investimento e de poss\u00edveis novos postos de emprego que ser\u00e3o criados e tamb\u00e9m por uma responsabilidade que todos n\u00f3s temos na redu\u00e7\u00e3o da degrada\u00e7\u00e3o do planeta\u201d, avalia.<\/p>\n\n\n\n<p>Desde 2021, o Cear\u00e1 trabalha na implanta\u00e7\u00e3o de um Hub para produ\u00e7\u00e3o e comercializa\u00e7\u00e3o de hidrog\u00eanio verde no Complexo Industrial e Portu\u00e1rio do Pec\u00e9m (CIPP). O objetivo \u00e9 transformar o territ\u00f3rio cearense em um grande fornecedor global desse tipo de combust\u00edvel, gerando emprego, renda e contribuindo diretamente para a descarboniza\u00e7\u00e3o do planeta. Isso porque, para ser considerado verde, as fontes de energia para a produ\u00e7\u00e3o do hidrog\u00eanio devem ser de origem limpa e renov\u00e1vel \u2013 como a solar e a e\u00f3lica. Em janeiro, foi produzida a primeira mol\u00e9cula de H2V no Pec\u00e9m.<\/p>\n\n\n\n<figure class=\"wp-block-image size-large\"><img loading=\"lazy\" decoding=\"async\" width=\"1024\" height=\"682\" src=\"https:\/\/blogdorogeriogomes.com.br\/wp-content\/uploads\/2023\/05\/IMG-20230525-WA0035-1024x682.jpg\" alt=\"\" class=\"wp-image-29403\" srcset=\"https:\/\/blogdorogeriogomes.com.br\/noticias\/wp-content\/uploads\/2023\/05\/IMG-20230525-WA0035-1024x682.jpg 1024w, https:\/\/blogdorogeriogomes.com.br\/noticias\/wp-content\/uploads\/2023\/05\/IMG-20230525-WA0035-300x200.jpg 300w, https:\/\/blogdorogeriogomes.com.br\/noticias\/wp-content\/uploads\/2023\/05\/IMG-20230525-WA0035-768x512.jpg 768w, https:\/\/blogdorogeriogomes.com.br\/noticias\/wp-content\/uploads\/2023\/05\/IMG-20230525-WA0035-1536x1023.jpg 1536w, https:\/\/blogdorogeriogomes.com.br\/noticias\/wp-content\/uploads\/2023\/05\/IMG-20230525-WA0035-800x533.jpg 800w, https:\/\/blogdorogeriogomes.com.br\/noticias\/wp-content\/uploads\/2023\/05\/IMG-20230525-WA0035.jpg 1600w\" sizes=\"auto, (max-width: 1024px) 100vw, 1024px\" \/><\/figure>\n\n\n\n<p><\/p>\n\n\n\n<p><\/p>\n\n\n\n<p><\/p>\n","protected":false},"excerpt":{"rendered":"<p>A Assembleia Legislativa do Estado do Cear\u00e1 realiza, nesta sexta-feira, dia 26 de maio, o debate \u201cHidrog\u00eanio verde: inova\u00e7\u00e3o e energia limpa no Cear\u00e1\u201d, sobre as potencialidades do desenvolvimento do hidrog\u00eanio verde (H2V) no Estado, al\u00e9m do protagonismo do Nordeste na produ\u00e7\u00e3o de energias limpas, bem como a import\u00e2ncia dessa inova\u00e7\u00e3o para o desenvolvimento econ\u00f4mico, social e industrial. O evento ocorre no Plen\u00e1rio 13 de Maio, a partir das 9 horas. Participam do evento o presidente da Alece, deputado&hellip;<\/p>\n","protected":false},"author":1,"featured_media":0,"comment_status":"open","ping_status":"open","sticky":false,"template":"","format":"standard","meta":{"footnotes":""},"categories":[1],"tags":[],"class_list":["post-29402","post","type-post","status-publish","format-standard","hentry","category-noticias"],"_links":{"self":[{"href":"https:\/\/blogdorogeriogomes.com.br\/noticias\/wp-json\/wp\/v2\/posts\/29402","targetHints":{"allow":["GET"]}}],"collection":[{"href":"https:\/\/blogdorogeriogomes.com.br\/noticias\/wp-json\/wp\/v2\/posts"}],"about":[{"href":"https:\/\/blogdorogeriogomes.com.br\/noticias\/wp-json\/wp\/v2\/types\/post"}],"author":[{"embeddable":true,"href":"https:\/\/blogdorogeriogomes.com.br\/noticias\/wp-json\/wp\/v2\/users\/1"}],"replies":[{"embeddable":true,"href":"https:\/\/blogdorogeriogomes.com.br\/noticias\/wp-json\/wp\/v2\/comments?post=29402"}],"version-history":[{"count":1,"href":"https:\/\/blogdorogeriogomes.com.br\/noticias\/wp-json\/wp\/v2\/posts\/29402\/revisions"}],"predecessor-version":[{"id":29404,"href":"https:\/\/blogdorogeriogomes.com.br\/noticias\/wp-json\/wp\/v2\/posts\/29402\/revisions\/29404"}],"wp:attachment":[{"href":"https:\/\/blogdorogeriogomes.com.br\/noticias\/wp-json\/wp\/v2\/media?parent=29402"}],"wp:term":[{"taxonomy":"category","embeddable":true,"href":"https:\/\/blogdorogeriogomes.com.br\/noticias\/wp-json\/wp\/v2\/categories?post=29402"},{"taxonomy":"post_tag","embeddable":true,"href":"https:\/\/blogdorogeriogomes.com.br\/noticias\/wp-json\/wp\/v2\/tags?post=29402"}],"curies":[{"name":"wp","href":"https:\/\/api.w.org\/{rel}","templated":true}]}}