{"id":29405,"date":"2023-05-25T12:29:14","date_gmt":"2023-05-25T12:29:14","guid":{"rendered":"https:\/\/blogdorogeriogomes.com.br\/?p=29405"},"modified":"2023-05-30T11:25:23","modified_gmt":"2023-05-30T11:25:23","slug":"governo-do-estado-convoca-mais-600-profissionais-concursados-para-a-area-da-saude","status":"publish","type":"post","link":"https:\/\/blogdorogeriogomes.com.br\/noticias\/2023\/05\/governo-do-estado-convoca-mais-600-profissionais-concursados-para-a-area-da-saude\/","title":{"rendered":"Governo do Estado convoca mais 600 profissionais concursados para a \u00e1rea da sa\u00fade"},"content":{"rendered":"\n<p>O Governo do Cear\u00e1 est\u00e1 convocando 600 profissionais aprovados no \u00faltimo concurso da Secretaria da Sa\u00fade (Sesa). As nomea\u00e7\u00f5es ser\u00e3o publicadas j\u00e1 no Di\u00e1rio Oficial do Estado. Ser\u00e3o 2 mil profissionais convocados at\u00e9 o fim deste ano. <\/p>\n\n\n\n<p>&#8220;Seguimos fortalecendo a \u00e1rea da Sa\u00fade em nosso estado. Desejo boa sorte e \u00f3timo trabalho a todas e a todos&#8221;, declarou o governador Elmano de Freitas (PT), ao confirmar a chamada dos profissionais pelas redes sociais.<\/p>\n\n\n\n<figure class=\"wp-block-image size-full\"><img loading=\"lazy\" decoding=\"async\" width=\"691\" height=\"444\" src=\"https:\/\/blogdorogeriogomes.com.br\/wp-content\/uploads\/2023\/05\/images-15-1.jpeg\" alt=\"\" class=\"wp-image-29406\" srcset=\"https:\/\/blogdorogeriogomes.com.br\/noticias\/wp-content\/uploads\/2023\/05\/images-15-1.jpeg 691w, https:\/\/blogdorogeriogomes.com.br\/noticias\/wp-content\/uploads\/2023\/05\/images-15-1-300x193.jpeg 300w\" sizes=\"auto, (max-width: 691px) 100vw, 691px\" \/><\/figure>\n","protected":false},"excerpt":{"rendered":"<p>O Governo do Cear\u00e1 est\u00e1 convocando 600 profissionais aprovados no \u00faltimo concurso da Secretaria da Sa\u00fade (Sesa). As nomea\u00e7\u00f5es ser\u00e3o publicadas j\u00e1 no Di\u00e1rio Oficial do Estado. Ser\u00e3o 2 mil profissionais convocados at\u00e9 o fim deste ano. &#8220;Seguimos fortalecendo a \u00e1rea da Sa\u00fade em nosso estado. Desejo boa sorte e \u00f3timo trabalho a todas e a todos&#8221;, declarou o governador Elmano de Freitas (PT), ao confirmar a chamada dos profissionais pelas redes sociais.<\/p>\n","protected":false},"author":1,"featured_media":29406,"comment_status":"open","ping_status":"open","sticky":false,"template":"","format":"standard","meta":{"footnotes":""},"categories":[1],"tags":[],"class_list":["post-29405","post","type-post","status-publish","format-standard","has-post-thumbnail","hentry","category-noticias"],"_links":{"self":[{"href":"https:\/\/blogdorogeriogomes.com.br\/noticias\/wp-json\/wp\/v2\/posts\/29405","targetHints":{"allow":["GET"]}}],"collection":[{"href":"https:\/\/blogdorogeriogomes.com.br\/noticias\/wp-json\/wp\/v2\/posts"}],"about":[{"href":"https:\/\/blogdorogeriogomes.com.br\/noticias\/wp-json\/wp\/v2\/types\/post"}],"author":[{"embeddable":true,"href":"https:\/\/blogdorogeriogomes.com.br\/noticias\/wp-json\/wp\/v2\/users\/1"}],"replies":[{"embeddable":true,"href":"https:\/\/blogdorogeriogomes.com.br\/noticias\/wp-json\/wp\/v2\/comments?post=29405"}],"version-history":[{"count":1,"href":"https:\/\/blogdorogeriogomes.com.br\/noticias\/wp-json\/wp\/v2\/posts\/29405\/revisions"}],"predecessor-version":[{"id":29407,"href":"https:\/\/blogdorogeriogomes.com.br\/noticias\/wp-json\/wp\/v2\/posts\/29405\/revisions\/29407"}],"wp:featuredmedia":[{"embeddable":true,"href":"https:\/\/blogdorogeriogomes.com.br\/noticias\/wp-json\/wp\/v2\/media\/29406"}],"wp:attachment":[{"href":"https:\/\/blogdorogeriogomes.com.br\/noticias\/wp-json\/wp\/v2\/media?parent=29405"}],"wp:term":[{"taxonomy":"category","embeddable":true,"href":"https:\/\/blogdorogeriogomes.com.br\/noticias\/wp-json\/wp\/v2\/categories?post=29405"},{"taxonomy":"post_tag","embeddable":true,"href":"https:\/\/blogdorogeriogomes.com.br\/noticias\/wp-json\/wp\/v2\/tags?post=29405"}],"curies":[{"name":"wp","href":"https:\/\/api.w.org\/{rel}","templated":true}]}}