{"id":29408,"date":"2023-05-25T16:34:51","date_gmt":"2023-05-25T16:34:51","guid":{"rendered":"https:\/\/blogdorogeriogomes.com.br\/?p=29408"},"modified":"2023-05-26T17:23:32","modified_gmt":"2023-05-26T17:23:32","slug":"sarto-anuncia-ampliacao-do-programa-consultorio-na-rua-em-fortaleza","status":"publish","type":"post","link":"https:\/\/blogdorogeriogomes.com.br\/noticias\/2023\/05\/sarto-anuncia-ampliacao-do-programa-consultorio-na-rua-em-fortaleza\/","title":{"rendered":"Sarto anuncia amplia\u00e7\u00e3o do programa Consult\u00f3rio na Rua em Fortaleza"},"content":{"rendered":"\n<p>O prefeito de Fortaleza, Jos\u00e9 Sarto, anunciou, nesta quinta-feira, dia 25 de maio, a amplia\u00e7\u00e3o do programa Consult\u00f3rio na Rua. A iniciativa oferta atendimento em sa\u00fade multidisciplinar para pessoas em situa\u00e7\u00e3o de rua, por meio de equipes itinerantes, que atender\u00e3o toda a cidade, em especial nas \u00e1reas com maior concentra\u00e7\u00e3o de pessoas em vulnerabilidade social.<\/p>\n\n\n\n<p>Como destacou o prefeito, as novas unidades iniciar\u00e3o imediatamente o atendimento, com foco na humaniza\u00e7\u00e3o e na constru\u00e7\u00e3o de v\u00ednculos de confian\u00e7a com os pacientes. \u201cAgora s\u00e3o seis consult\u00f3rios m\u00f3veis, com presta\u00e7\u00e3o imediata de atendimentos diversos como testes de HIV, Covid-19, pneumonia e diversos tipos de hepatite. Al\u00e9m disso, as unidades seguir\u00e3o uma rota feita em parceria da Sa\u00fade (SMS) com a Assist\u00eancia Social (SDHDS), para termos um referenciamento dos pacientes, cria\u00e7\u00e3o de v\u00ednculos e encaminh\u00e1-los para as unidades especializadas\u201d, disse Jos\u00e9 Sarto.<\/p>\n\n\n\n<figure class=\"wp-block-image size-large\"><img loading=\"lazy\" decoding=\"async\" width=\"1024\" height=\"602\" src=\"https:\/\/blogdorogeriogomes.com.br\/wp-content\/uploads\/2023\/05\/25-05-2023-SMS-18-1024x602.jpg\" alt=\"\" class=\"wp-image-29409\" srcset=\"https:\/\/blogdorogeriogomes.com.br\/noticias\/wp-content\/uploads\/2023\/05\/25-05-2023-SMS-18-1024x602.jpg 1024w, https:\/\/blogdorogeriogomes.com.br\/noticias\/wp-content\/uploads\/2023\/05\/25-05-2023-SMS-18-300x176.jpg 300w, https:\/\/blogdorogeriogomes.com.br\/noticias\/wp-content\/uploads\/2023\/05\/25-05-2023-SMS-18-768x451.jpg 768w, https:\/\/blogdorogeriogomes.com.br\/noticias\/wp-content\/uploads\/2023\/05\/25-05-2023-SMS-18-800x470.jpg 800w, https:\/\/blogdorogeriogomes.com.br\/noticias\/wp-content\/uploads\/2023\/05\/25-05-2023-SMS-18.jpg 1280w\" sizes=\"auto, (max-width: 1024px) 100vw, 1024px\" \/><\/figure>\n","protected":false},"excerpt":{"rendered":"<p>O prefeito de Fortaleza, Jos\u00e9 Sarto, anunciou, nesta quinta-feira, dia 25 de maio, a amplia\u00e7\u00e3o do programa Consult\u00f3rio na Rua. A iniciativa oferta atendimento em sa\u00fade multidisciplinar para pessoas em situa\u00e7\u00e3o de rua, por meio de equipes itinerantes, que atender\u00e3o toda a cidade, em especial nas \u00e1reas com maior concentra\u00e7\u00e3o de pessoas em vulnerabilidade social. Como destacou o prefeito, as novas unidades iniciar\u00e3o imediatamente o atendimento, com foco na humaniza\u00e7\u00e3o e na constru\u00e7\u00e3o de v\u00ednculos de confian\u00e7a com os&hellip;<\/p>\n","protected":false},"author":1,"featured_media":29409,"comment_status":"open","ping_status":"open","sticky":false,"template":"","format":"standard","meta":{"footnotes":""},"categories":[1],"tags":[],"class_list":["post-29408","post","type-post","status-publish","format-standard","has-post-thumbnail","hentry","category-noticias"],"_links":{"self":[{"href":"https:\/\/blogdorogeriogomes.com.br\/noticias\/wp-json\/wp\/v2\/posts\/29408","targetHints":{"allow":["GET"]}}],"collection":[{"href":"https:\/\/blogdorogeriogomes.com.br\/noticias\/wp-json\/wp\/v2\/posts"}],"about":[{"href":"https:\/\/blogdorogeriogomes.com.br\/noticias\/wp-json\/wp\/v2\/types\/post"}],"author":[{"embeddable":true,"href":"https:\/\/blogdorogeriogomes.com.br\/noticias\/wp-json\/wp\/v2\/users\/1"}],"replies":[{"embeddable":true,"href":"https:\/\/blogdorogeriogomes.com.br\/noticias\/wp-json\/wp\/v2\/comments?post=29408"}],"version-history":[{"count":1,"href":"https:\/\/blogdorogeriogomes.com.br\/noticias\/wp-json\/wp\/v2\/posts\/29408\/revisions"}],"predecessor-version":[{"id":29410,"href":"https:\/\/blogdorogeriogomes.com.br\/noticias\/wp-json\/wp\/v2\/posts\/29408\/revisions\/29410"}],"wp:featuredmedia":[{"embeddable":true,"href":"https:\/\/blogdorogeriogomes.com.br\/noticias\/wp-json\/wp\/v2\/media\/29409"}],"wp:attachment":[{"href":"https:\/\/blogdorogeriogomes.com.br\/noticias\/wp-json\/wp\/v2\/media?parent=29408"}],"wp:term":[{"taxonomy":"category","embeddable":true,"href":"https:\/\/blogdorogeriogomes.com.br\/noticias\/wp-json\/wp\/v2\/categories?post=29408"},{"taxonomy":"post_tag","embeddable":true,"href":"https:\/\/blogdorogeriogomes.com.br\/noticias\/wp-json\/wp\/v2\/tags?post=29408"}],"curies":[{"name":"wp","href":"https:\/\/api.w.org\/{rel}","templated":true}]}}