{"id":29414,"date":"2023-05-25T20:55:28","date_gmt":"2023-05-25T20:55:28","guid":{"rendered":"https:\/\/blogdorogeriogomes.com.br\/?p=29414"},"modified":"2023-05-26T17:23:53","modified_gmt":"2023-05-26T17:23:53","slug":"ministro-do-combate-a-fome-wellington-dias-visita-programa-mais-nutricao-na-ceasa-em-maracanau","status":"publish","type":"post","link":"https:\/\/blogdorogeriogomes.com.br\/noticias\/2023\/05\/ministro-do-combate-a-fome-wellington-dias-visita-programa-mais-nutricao-na-ceasa-em-maracanau\/","title":{"rendered":"Ministro do Combate \u00e0 Fome, Wellington Dias, visita Programa Mais Nutri\u00e7\u00e3o na Ceasa, em Maracana\u00fa"},"content":{"rendered":"\n<p>O ministro do Desenvolvimento e Assist\u00eancia Social, Fam\u00edlia e Combate \u00e0 Fome, Wellington Dias, visita nesta sexta-feira, dia 26 de maio, a f\u00e1brica do programa Mais Nutri\u00e7\u00e3o, na Ceasa de Maracana\u00fa. A visita est\u00e1 marcada para as 7h30min e ser\u00e1 conduzida pela secret\u00e1ria da Prote\u00e7\u00e3o Social, On\u00e9lia Santana. O objetivo \u00e9 apresentar uma das principais a\u00e7\u00f5es de combate \u00e0 fome do Estado, o programa Mais Nutri\u00e7\u00e3o.<\/p>\n\n\n\n<p>Com quase quatro anos de implanta\u00e7\u00e3o, o Mais Nutri\u00e7\u00e3o \u00e9 um programa de capta\u00e7\u00e3o, processamento e doa\u00e7\u00e3o de alimentos saud\u00e1veis para pessoas em situa\u00e7\u00e3o de extrema vulnerabilidade social. S\u00e3o mais de tr\u00eas milh\u00f5es de quilos de alimentos distribu\u00eddos no Cear\u00e1. A partir do excedente doado pelos permission\u00e1rios da Ceasa, frutas e hortali\u00e7as transformadas em sopas e polpa de frutas, que chegam \u00e0 mesa de quase 30 mil pessoas, a partir do trabalho de 134 entidades comunit\u00e1rias de Fortaleza, Caucaia, Maracana\u00fa, Crato, Juazeiro do Norte e Barbalha.<\/p>\n\n\n\n<figure class=\"wp-block-image size-full\"><img loading=\"lazy\" decoding=\"async\" width=\"600\" height=\"400\" src=\"https:\/\/blogdorogeriogomes.com.br\/wp-content\/uploads\/2023\/05\/images-17-1.jpeg\" alt=\"\" class=\"wp-image-29415\" srcset=\"https:\/\/blogdorogeriogomes.com.br\/noticias\/wp-content\/uploads\/2023\/05\/images-17-1.jpeg 600w, https:\/\/blogdorogeriogomes.com.br\/noticias\/wp-content\/uploads\/2023\/05\/images-17-1-300x200.jpeg 300w\" sizes=\"auto, (max-width: 600px) 100vw, 600px\" \/><\/figure>\n","protected":false},"excerpt":{"rendered":"<p>O ministro do Desenvolvimento e Assist\u00eancia Social, Fam\u00edlia e Combate \u00e0 Fome, Wellington Dias, visita nesta sexta-feira, dia 26 de maio, a f\u00e1brica do programa Mais Nutri\u00e7\u00e3o, na Ceasa de Maracana\u00fa. A visita est\u00e1 marcada para as 7h30min e ser\u00e1 conduzida pela secret\u00e1ria da Prote\u00e7\u00e3o Social, On\u00e9lia Santana. O objetivo \u00e9 apresentar uma das principais a\u00e7\u00f5es de combate \u00e0 fome do Estado, o programa Mais Nutri\u00e7\u00e3o. Com quase quatro anos de implanta\u00e7\u00e3o, o Mais Nutri\u00e7\u00e3o \u00e9 um programa de&hellip;<\/p>\n","protected":false},"author":1,"featured_media":29415,"comment_status":"open","ping_status":"open","sticky":false,"template":"","format":"standard","meta":{"footnotes":""},"categories":[1],"tags":[],"class_list":["post-29414","post","type-post","status-publish","format-standard","has-post-thumbnail","hentry","category-noticias"],"_links":{"self":[{"href":"https:\/\/blogdorogeriogomes.com.br\/noticias\/wp-json\/wp\/v2\/posts\/29414","targetHints":{"allow":["GET"]}}],"collection":[{"href":"https:\/\/blogdorogeriogomes.com.br\/noticias\/wp-json\/wp\/v2\/posts"}],"about":[{"href":"https:\/\/blogdorogeriogomes.com.br\/noticias\/wp-json\/wp\/v2\/types\/post"}],"author":[{"embeddable":true,"href":"https:\/\/blogdorogeriogomes.com.br\/noticias\/wp-json\/wp\/v2\/users\/1"}],"replies":[{"embeddable":true,"href":"https:\/\/blogdorogeriogomes.com.br\/noticias\/wp-json\/wp\/v2\/comments?post=29414"}],"version-history":[{"count":1,"href":"https:\/\/blogdorogeriogomes.com.br\/noticias\/wp-json\/wp\/v2\/posts\/29414\/revisions"}],"predecessor-version":[{"id":29416,"href":"https:\/\/blogdorogeriogomes.com.br\/noticias\/wp-json\/wp\/v2\/posts\/29414\/revisions\/29416"}],"wp:featuredmedia":[{"embeddable":true,"href":"https:\/\/blogdorogeriogomes.com.br\/noticias\/wp-json\/wp\/v2\/media\/29415"}],"wp:attachment":[{"href":"https:\/\/blogdorogeriogomes.com.br\/noticias\/wp-json\/wp\/v2\/media?parent=29414"}],"wp:term":[{"taxonomy":"category","embeddable":true,"href":"https:\/\/blogdorogeriogomes.com.br\/noticias\/wp-json\/wp\/v2\/categories?post=29414"},{"taxonomy":"post_tag","embeddable":true,"href":"https:\/\/blogdorogeriogomes.com.br\/noticias\/wp-json\/wp\/v2\/tags?post=29414"}],"curies":[{"name":"wp","href":"https:\/\/api.w.org\/{rel}","templated":true}]}}