{"id":29420,"date":"2023-05-25T23:43:05","date_gmt":"2023-05-25T23:43:05","guid":{"rendered":"https:\/\/blogdorogeriogomes.com.br\/?p=29420"},"modified":"2023-05-30T11:25:12","modified_gmt":"2023-05-30T11:25:12","slug":"assembleia-itinerante-em-icapui-reforca-parcerias-com-prefeituras","status":"publish","type":"post","link":"https:\/\/blogdorogeriogomes.com.br\/noticias\/2023\/05\/assembleia-itinerante-em-icapui-reforca-parcerias-com-prefeituras\/","title":{"rendered":"Assembleia Itinerante em Icapu\u00ed refor\u00e7a parcerias com prefeituras"},"content":{"rendered":"\n<p>O presidente da Assembleia Legislativa, deputado estadual Evandro Leit\u00e3o (PDT), destacou, na sess\u00e3o plen\u00e1ria realizada no munic\u00edpio de Icapu\u00ed, nesta quinta-feira, dia 25 de maio, as parcerias com as prefeituras na realiza\u00e7\u00e3o das assembleias itinerantes nas macrorregi\u00f5es do Estado para que o trabalho dos parlamentares chegue mais pr\u00f3ximo \u00e0 popula\u00e7\u00e3o. \u201c\u00c9 por meio dessas visitas da Assembleia aos munic\u00edpios que a popula\u00e7\u00e3o sabe sobre o trabalho feito no Legislativo cearense e conhece ainda mais os seus representantes\u201d, pontuou.<\/p>\n\n\n\n<p>Evandro Leit\u00e3o antecipou que pretender realizar, ainda este ano, mais tr\u00eas itinerantes: na regi\u00e3o do Cariri, Serra da Ibiapaba e na regi\u00e3o Norte, contemplando at\u00e9 o final do seu mandato, as 14 macrorregi\u00f5es do Estado. <\/p>\n\n\n\n<p>O parlamentar ressaltou tamb\u00e9m o destaque nacional do Legislativo cearense, que est\u00e1 entre as quatro assembleias mais transparentes do Brasil. \u201cQuero expressar tamanha alegria nesta Itinerante de Icapu\u00ed, uma cidade pela qual tenho um carinho enorme, e parabenizar aqui todos os 45 parlamentares pelo esfor\u00e7o e trabalho para nos levar a ser uma das quatro assembleias mais transparentes do Pa\u00eds. Esse reconhecimento nos d\u00e1 mais for\u00e7a e nos mostra que estamos no caminho certo\u201d, disse.<\/p>\n\n\n\n<p>O presidente elogiou o trabalho da atual Mesa Diretora por meio dos servi\u00e7os prestados pela Casa: a Procuradoria Especial da Mulher (PEM); o Comit\u00ea de Preven\u00e7\u00e3o e Combate \u00e0 Viol\u00eancia contra Jovens e Adolescentes; o Projeto Alcance; o Procon Assembleia; Departamento de Sa\u00fade e Assist\u00eancia Social (DSAS) da Alece, entre outros.<\/p>\n\n\n\n<figure class=\"wp-block-image size-large\"><img loading=\"lazy\" decoding=\"async\" width=\"1024\" height=\"616\" src=\"https:\/\/blogdorogeriogomes.com.br\/wp-content\/uploads\/2023\/05\/IMG-20230525-WA0168-1024x616.jpg\" alt=\"\" class=\"wp-image-29421\" srcset=\"https:\/\/blogdorogeriogomes.com.br\/noticias\/wp-content\/uploads\/2023\/05\/IMG-20230525-WA0168-1024x616.jpg 1024w, https:\/\/blogdorogeriogomes.com.br\/noticias\/wp-content\/uploads\/2023\/05\/IMG-20230525-WA0168-300x180.jpg 300w, https:\/\/blogdorogeriogomes.com.br\/noticias\/wp-content\/uploads\/2023\/05\/IMG-20230525-WA0168-768x462.jpg 768w, https:\/\/blogdorogeriogomes.com.br\/noticias\/wp-content\/uploads\/2023\/05\/IMG-20230525-WA0168-1536x924.jpg 1536w, https:\/\/blogdorogeriogomes.com.br\/noticias\/wp-content\/uploads\/2023\/05\/IMG-20230525-WA0168-800x481.jpg 800w, https:\/\/blogdorogeriogomes.com.br\/noticias\/wp-content\/uploads\/2023\/05\/IMG-20230525-WA0168.jpg 1600w\" sizes=\"auto, (max-width: 1024px) 100vw, 1024px\" \/><\/figure>\n\n\n\n<p><\/p>\n\n\n\n<p><\/p>\n\n\n\n<p><\/p>\n\n\n\n<figure class=\"wp-block-embed\"><div class=\"wp-block-embed__wrapper\">\nhttps:\/\/www.al.ce.gov.br\/noticias\/treze-projetos-iniciam-tramitacao-na-alece-durante-sessao-itinerante-em-icapui\n<\/div><\/figure>\n\n\n\n<p><\/p>\n\n\n\n<p><\/p>\n","protected":false},"excerpt":{"rendered":"<p>O presidente da Assembleia Legislativa, deputado estadual Evandro Leit\u00e3o (PDT), destacou, na sess\u00e3o plen\u00e1ria realizada no munic\u00edpio de Icapu\u00ed, nesta quinta-feira, dia 25 de maio, as parcerias com as prefeituras na realiza\u00e7\u00e3o das assembleias itinerantes nas macrorregi\u00f5es do Estado para que o trabalho dos parlamentares chegue mais pr\u00f3ximo \u00e0 popula\u00e7\u00e3o. \u201c\u00c9 por meio dessas visitas da Assembleia aos munic\u00edpios que a popula\u00e7\u00e3o sabe sobre o trabalho feito no Legislativo cearense e conhece ainda mais os seus representantes\u201d, pontuou. Evandro&hellip;<\/p>\n","protected":false},"author":1,"featured_media":29421,"comment_status":"open","ping_status":"open","sticky":false,"template":"","format":"standard","meta":{"footnotes":""},"categories":[1],"tags":[],"class_list":["post-29420","post","type-post","status-publish","format-standard","has-post-thumbnail","hentry","category-noticias"],"_links":{"self":[{"href":"https:\/\/blogdorogeriogomes.com.br\/noticias\/wp-json\/wp\/v2\/posts\/29420","targetHints":{"allow":["GET"]}}],"collection":[{"href":"https:\/\/blogdorogeriogomes.com.br\/noticias\/wp-json\/wp\/v2\/posts"}],"about":[{"href":"https:\/\/blogdorogeriogomes.com.br\/noticias\/wp-json\/wp\/v2\/types\/post"}],"author":[{"embeddable":true,"href":"https:\/\/blogdorogeriogomes.com.br\/noticias\/wp-json\/wp\/v2\/users\/1"}],"replies":[{"embeddable":true,"href":"https:\/\/blogdorogeriogomes.com.br\/noticias\/wp-json\/wp\/v2\/comments?post=29420"}],"version-history":[{"count":1,"href":"https:\/\/blogdorogeriogomes.com.br\/noticias\/wp-json\/wp\/v2\/posts\/29420\/revisions"}],"predecessor-version":[{"id":29422,"href":"https:\/\/blogdorogeriogomes.com.br\/noticias\/wp-json\/wp\/v2\/posts\/29420\/revisions\/29422"}],"wp:featuredmedia":[{"embeddable":true,"href":"https:\/\/blogdorogeriogomes.com.br\/noticias\/wp-json\/wp\/v2\/media\/29421"}],"wp:attachment":[{"href":"https:\/\/blogdorogeriogomes.com.br\/noticias\/wp-json\/wp\/v2\/media?parent=29420"}],"wp:term":[{"taxonomy":"category","embeddable":true,"href":"https:\/\/blogdorogeriogomes.com.br\/noticias\/wp-json\/wp\/v2\/categories?post=29420"},{"taxonomy":"post_tag","embeddable":true,"href":"https:\/\/blogdorogeriogomes.com.br\/noticias\/wp-json\/wp\/v2\/tags?post=29420"}],"curies":[{"name":"wp","href":"https:\/\/api.w.org\/{rel}","templated":true}]}}