{"id":29423,"date":"2023-05-26T10:06:09","date_gmt":"2023-05-26T10:06:09","guid":{"rendered":"https:\/\/blogdorogeriogomes.com.br\/?p=29423"},"modified":"2023-05-26T17:24:16","modified_gmt":"2023-05-26T17:24:16","slug":"policia-federal-conclui-que-andre-fernandes-cometeu-crime-ao-incentivar-atos-golpistas-em-brasilia","status":"publish","type":"post","link":"https:\/\/blogdorogeriogomes.com.br\/noticias\/2023\/05\/policia-federal-conclui-que-andre-fernandes-cometeu-crime-ao-incentivar-atos-golpistas-em-brasilia\/","title":{"rendered":"Pol\u00edcia Federal conclui que Andr\u00e9 Fernandes cometeu crime ao incentivar atos golpistas em Bras\u00edlia"},"content":{"rendered":"\n<p>Investiga\u00e7\u00e3o da Pol\u00edcia Federal concluiu que o deputado federal do Cear\u00e1, Andr\u00e9 Fernandes (PL) cometeu&nbsp;crime ao fazer publica\u00e7\u00f5es antes e durante os atos golpistas de<strong>&nbsp;<\/strong>8 de janeiro, em Bras\u00edlia. A PF tomou como prova duas publica\u00e7\u00f5es feitas pelo deputado nas redes sociais convocando para participa\u00e7\u00e3o nos atos golpistas e com relato da invas\u00e3o ao STF.<\/p>\n\n\n\n<p>O documento com os detalhes da apura\u00e7\u00e3o foi remetido pelo STF ao procurador-geral da Rep\u00fablica, Augusto Aras, que ter\u00e1 15 dias para decidir se ir\u00e1 denunciar o cearense. No despacho, o ministro do STF, Alexandre de Moraes, cita detalhes que foram decisivos para a investiga\u00e7\u00e3o concluir que Andr\u00e9 Fernandes agiu com a \u201creal inten\u00e7\u00e3o\u201d de praticar o crime.<\/p>\n\n\n\n<figure class=\"wp-block-image size-large\"><img loading=\"lazy\" decoding=\"async\" width=\"1024\" height=\"575\" src=\"https:\/\/blogdorogeriogomes.com.br\/wp-content\/uploads\/2023\/05\/img20230323110303886-1-1024x575.webp\" alt=\"\" class=\"wp-image-29424\" srcset=\"https:\/\/blogdorogeriogomes.com.br\/noticias\/wp-content\/uploads\/2023\/05\/img20230323110303886-1-1024x575.webp 1024w, https:\/\/blogdorogeriogomes.com.br\/noticias\/wp-content\/uploads\/2023\/05\/img20230323110303886-1-300x169.webp 300w, https:\/\/blogdorogeriogomes.com.br\/noticias\/wp-content\/uploads\/2023\/05\/img20230323110303886-1-768x431.webp 768w, https:\/\/blogdorogeriogomes.com.br\/noticias\/wp-content\/uploads\/2023\/05\/img20230323110303886-1-800x449.webp 800w, https:\/\/blogdorogeriogomes.com.br\/noticias\/wp-content\/uploads\/2023\/05\/img20230323110303886-1.webp 1280w\" sizes=\"auto, (max-width: 1024px) 100vw, 1024px\" \/><\/figure>\n","protected":false},"excerpt":{"rendered":"<p>Investiga\u00e7\u00e3o da Pol\u00edcia Federal concluiu que o deputado federal do Cear\u00e1, Andr\u00e9 Fernandes (PL) cometeu&nbsp;crime ao fazer publica\u00e7\u00f5es antes e durante os atos golpistas de&nbsp;8 de janeiro, em Bras\u00edlia. A PF tomou como prova duas publica\u00e7\u00f5es feitas pelo deputado nas redes sociais convocando para participa\u00e7\u00e3o nos atos golpistas e com relato da invas\u00e3o ao STF. O documento com os detalhes da apura\u00e7\u00e3o foi remetido pelo STF ao procurador-geral da Rep\u00fablica, Augusto Aras, que ter\u00e1 15 dias para decidir se&hellip;<\/p>\n","protected":false},"author":1,"featured_media":29424,"comment_status":"open","ping_status":"open","sticky":false,"template":"","format":"standard","meta":{"footnotes":""},"categories":[1],"tags":[],"class_list":["post-29423","post","type-post","status-publish","format-standard","has-post-thumbnail","hentry","category-noticias"],"_links":{"self":[{"href":"https:\/\/blogdorogeriogomes.com.br\/noticias\/wp-json\/wp\/v2\/posts\/29423","targetHints":{"allow":["GET"]}}],"collection":[{"href":"https:\/\/blogdorogeriogomes.com.br\/noticias\/wp-json\/wp\/v2\/posts"}],"about":[{"href":"https:\/\/blogdorogeriogomes.com.br\/noticias\/wp-json\/wp\/v2\/types\/post"}],"author":[{"embeddable":true,"href":"https:\/\/blogdorogeriogomes.com.br\/noticias\/wp-json\/wp\/v2\/users\/1"}],"replies":[{"embeddable":true,"href":"https:\/\/blogdorogeriogomes.com.br\/noticias\/wp-json\/wp\/v2\/comments?post=29423"}],"version-history":[{"count":2,"href":"https:\/\/blogdorogeriogomes.com.br\/noticias\/wp-json\/wp\/v2\/posts\/29423\/revisions"}],"predecessor-version":[{"id":29434,"href":"https:\/\/blogdorogeriogomes.com.br\/noticias\/wp-json\/wp\/v2\/posts\/29423\/revisions\/29434"}],"wp:featuredmedia":[{"embeddable":true,"href":"https:\/\/blogdorogeriogomes.com.br\/noticias\/wp-json\/wp\/v2\/media\/29424"}],"wp:attachment":[{"href":"https:\/\/blogdorogeriogomes.com.br\/noticias\/wp-json\/wp\/v2\/media?parent=29423"}],"wp:term":[{"taxonomy":"category","embeddable":true,"href":"https:\/\/blogdorogeriogomes.com.br\/noticias\/wp-json\/wp\/v2\/categories?post=29423"},{"taxonomy":"post_tag","embeddable":true,"href":"https:\/\/blogdorogeriogomes.com.br\/noticias\/wp-json\/wp\/v2\/tags?post=29423"}],"curies":[{"name":"wp","href":"https:\/\/api.w.org\/{rel}","templated":true}]}}