{"id":29429,"date":"2023-05-26T16:53:51","date_gmt":"2023-05-26T16:53:51","guid":{"rendered":"https:\/\/blogdorogeriogomes.com.br\/?p=29429"},"modified":"2023-05-26T17:24:32","modified_gmt":"2023-05-26T17:24:32","slug":"populacao-podera-sugerir-propostas-para-o-orcamento-federal-nos-proximos-quatro-anos-atraves-de-uma-plataforma-digital","status":"publish","type":"post","link":"https:\/\/blogdorogeriogomes.com.br\/noticias\/2023\/05\/populacao-podera-sugerir-propostas-para-o-orcamento-federal-nos-proximos-quatro-anos-atraves-de-uma-plataforma-digital\/","title":{"rendered":"Popula\u00e7\u00e3o poder\u00e1 sugerir propostas para o or\u00e7amento federal nos pr\u00f3ximos quatro anos atrav\u00e9s de uma plataforma digital"},"content":{"rendered":"\n<p>Quatro ministros do Governo Lula estiveram no Cear\u00e1 nesta sexta-feira , dia 26 de maio, para discutir o Plano Plurianual de 2024 a 2027. O plano \u00e9 o instrumento que d\u00e1 base ao planejamento or\u00e7ament\u00e1rio da Uni\u00e3o a m\u00e9dio prazo.<\/p>\n\n\n\n<p>Pela manh\u00e3, o ministro do Desenvolvimento Social e Combate \u00e0 Fome, Wellington Dias, visitou o projeto Mais Nutri\u00e7\u00e3o na Ceasa de Maracana\u00fa. Ele destacou pol\u00edticas de seguran\u00e7a alimentar para pessoas em situa\u00e7\u00e3o de vulnerabilidade social, que s\u00e3o prioridade no atual Governo.<\/p>\n\n\n\n<p>Os encontros para discutir o planejamento or\u00e7ament\u00e1rio do Governo Federal nos pr\u00f3ximos quatro anos acontecem em todo o Pa\u00eds. Ainda durante a campanha, Lula prometeu fortalecer os mecanismos de participa\u00e7\u00e3o democr\u00e1tica. O Plano Plurianual planeja a\u00e7\u00f5es e prioridades da Uni\u00e3o para os pr\u00f3ximos quatro anos. Os ministros M\u00e1rcio Macedo, da Secretaria Geral da Presid\u00eancia da Rep\u00fablica, e Simone Tebet, do Planejamento, destacaram a participa\u00e7\u00e3o popular atrav\u00e9s de uma plataforma digital.<\/p>\n\n\n\n<p>Sa\u00fade e educa\u00e7\u00e3o s\u00e3o consideradas prioridades no or\u00e7amento do Governo Federal para os pr\u00f3ximos quatro anos. E o ministro da Educa\u00e7\u00e3o, Camilo Santana, deixou claro aqui no Cear\u00e1. A meta a partir de 2024 \u00e9 aumentar os recursos destinados ao setor.<\/p>\n\n\n\n<p>Cada estado brasileiro tamb\u00e9m vai planejar suas a\u00e7\u00f5es para os pr\u00f3ximos anos, inclusive, de investimentos em infraestrutura. O governador Elmano de Freitas j\u00e1 repassou a Uni\u00e3o o que \u00e9 prioridade nos investimentos federais para o Cear\u00e1.<\/p>\n\n\n\n<figure class=\"wp-block-image size-full\"><img loading=\"lazy\" decoding=\"async\" width=\"984\" height=\"656\" src=\"https:\/\/blogdorogeriogomes.com.br\/wp-content\/uploads\/2023\/05\/whatsapp-image-2023-05-26-at-11.16.41.jpeg\" alt=\"\" class=\"wp-image-29430\" srcset=\"https:\/\/blogdorogeriogomes.com.br\/noticias\/wp-content\/uploads\/2023\/05\/whatsapp-image-2023-05-26-at-11.16.41.jpeg 984w, https:\/\/blogdorogeriogomes.com.br\/noticias\/wp-content\/uploads\/2023\/05\/whatsapp-image-2023-05-26-at-11.16.41-300x200.jpeg 300w, https:\/\/blogdorogeriogomes.com.br\/noticias\/wp-content\/uploads\/2023\/05\/whatsapp-image-2023-05-26-at-11.16.41-768x512.jpeg 768w, https:\/\/blogdorogeriogomes.com.br\/noticias\/wp-content\/uploads\/2023\/05\/whatsapp-image-2023-05-26-at-11.16.41-800x533.jpeg 800w\" sizes=\"auto, (max-width: 984px) 100vw, 984px\" \/><\/figure>\n","protected":false},"excerpt":{"rendered":"<p>Quatro ministros do Governo Lula estiveram no Cear\u00e1 nesta sexta-feira , dia 26 de maio, para discutir o Plano Plurianual de 2024 a 2027. O plano \u00e9 o instrumento que d\u00e1 base ao planejamento or\u00e7ament\u00e1rio da Uni\u00e3o a m\u00e9dio prazo. Pela manh\u00e3, o ministro do Desenvolvimento Social e Combate \u00e0 Fome, Wellington Dias, visitou o projeto Mais Nutri\u00e7\u00e3o na Ceasa de Maracana\u00fa. Ele destacou pol\u00edticas de seguran\u00e7a alimentar para pessoas em situa\u00e7\u00e3o de vulnerabilidade social, que s\u00e3o prioridade no&hellip;<\/p>\n","protected":false},"author":1,"featured_media":29430,"comment_status":"open","ping_status":"open","sticky":false,"template":"","format":"standard","meta":{"footnotes":""},"categories":[1],"tags":[],"class_list":["post-29429","post","type-post","status-publish","format-standard","has-post-thumbnail","hentry","category-noticias"],"_links":{"self":[{"href":"https:\/\/blogdorogeriogomes.com.br\/noticias\/wp-json\/wp\/v2\/posts\/29429","targetHints":{"allow":["GET"]}}],"collection":[{"href":"https:\/\/blogdorogeriogomes.com.br\/noticias\/wp-json\/wp\/v2\/posts"}],"about":[{"href":"https:\/\/blogdorogeriogomes.com.br\/noticias\/wp-json\/wp\/v2\/types\/post"}],"author":[{"embeddable":true,"href":"https:\/\/blogdorogeriogomes.com.br\/noticias\/wp-json\/wp\/v2\/users\/1"}],"replies":[{"embeddable":true,"href":"https:\/\/blogdorogeriogomes.com.br\/noticias\/wp-json\/wp\/v2\/comments?post=29429"}],"version-history":[{"count":1,"href":"https:\/\/blogdorogeriogomes.com.br\/noticias\/wp-json\/wp\/v2\/posts\/29429\/revisions"}],"predecessor-version":[{"id":29431,"href":"https:\/\/blogdorogeriogomes.com.br\/noticias\/wp-json\/wp\/v2\/posts\/29429\/revisions\/29431"}],"wp:featuredmedia":[{"embeddable":true,"href":"https:\/\/blogdorogeriogomes.com.br\/noticias\/wp-json\/wp\/v2\/media\/29430"}],"wp:attachment":[{"href":"https:\/\/blogdorogeriogomes.com.br\/noticias\/wp-json\/wp\/v2\/media?parent=29429"}],"wp:term":[{"taxonomy":"category","embeddable":true,"href":"https:\/\/blogdorogeriogomes.com.br\/noticias\/wp-json\/wp\/v2\/categories?post=29429"},{"taxonomy":"post_tag","embeddable":true,"href":"https:\/\/blogdorogeriogomes.com.br\/noticias\/wp-json\/wp\/v2\/tags?post=29429"}],"curies":[{"name":"wp","href":"https:\/\/api.w.org\/{rel}","templated":true}]}}