{"id":29436,"date":"2023-05-29T10:08:10","date_gmt":"2023-05-29T10:08:10","guid":{"rendered":"https:\/\/blogdorogeriogomes.com.br\/?p=29436"},"modified":"2023-05-30T11:24:53","modified_gmt":"2023-05-30T11:24:53","slug":"governador-elmano-de-freitas-e-ministro-waldez-goes-fazem-vistoria-na-barragem-de-jati","status":"publish","type":"post","link":"https:\/\/blogdorogeriogomes.com.br\/noticias\/2023\/05\/governador-elmano-de-freitas-e-ministro-waldez-goes-fazem-vistoria-na-barragem-de-jati\/","title":{"rendered":"Governador Elmano de Freitas e ministro Waldez G\u00f3es fazem vistoria na barragem de Jati"},"content":{"rendered":"\n<p>O governador Elmano de Freitas vistoriou, no \u00faltimo s\u00e1bado, dia 27 de maio, a barragem de Jati (CE), estrutura integrante do Eixo Norte do Projeto de Integra\u00e7\u00e3o do Rio S\u00e3o Francisco. A visita tamb\u00e9m contou com a presen\u00e7a do ministro da Integra\u00e7\u00e3o e do Desenvolvimento Regional, Waldez G\u00f3es. Elmano de Freitas ressaltou a import\u00e2ncia da chegada de recursos federais para a Regi\u00e3o do Cariri visando garantir seguran\u00e7a h\u00eddrica para os cearenses.&nbsp;<\/p>\n\n\n\n<p>A barragem \u00e9 o ponto de partida do Cintur\u00e3o das \u00c1guas (CAC). Para a Regi\u00e3o do Cariri, a segunda em densidade demogr\u00e1fica no Cear\u00e1, o CAC representa um relevante aumento da garantia h\u00eddrica para o estado.<\/p>\n\n\n\n<figure class=\"wp-block-image size-large is-resized\"><img loading=\"lazy\" decoding=\"async\" src=\"https:\/\/blogdorogeriogomes.com.br\/wp-content\/uploads\/2023\/05\/230527_VISITA-BARRAGEM-JATI-GOV-MIN-WALDEZ-GOES_HB7558-1200x800-1-1024x683.jpg\" alt=\"\" class=\"wp-image-29437\" width=\"342\" height=\"228\" srcset=\"https:\/\/blogdorogeriogomes.com.br\/noticias\/wp-content\/uploads\/2023\/05\/230527_VISITA-BARRAGEM-JATI-GOV-MIN-WALDEZ-GOES_HB7558-1200x800-1-1024x683.jpg 1024w, https:\/\/blogdorogeriogomes.com.br\/noticias\/wp-content\/uploads\/2023\/05\/230527_VISITA-BARRAGEM-JATI-GOV-MIN-WALDEZ-GOES_HB7558-1200x800-1-300x200.jpg 300w, https:\/\/blogdorogeriogomes.com.br\/noticias\/wp-content\/uploads\/2023\/05\/230527_VISITA-BARRAGEM-JATI-GOV-MIN-WALDEZ-GOES_HB7558-1200x800-1-768x512.jpg 768w, https:\/\/blogdorogeriogomes.com.br\/noticias\/wp-content\/uploads\/2023\/05\/230527_VISITA-BARRAGEM-JATI-GOV-MIN-WALDEZ-GOES_HB7558-1200x800-1-800x533.jpg 800w, https:\/\/blogdorogeriogomes.com.br\/noticias\/wp-content\/uploads\/2023\/05\/230527_VISITA-BARRAGEM-JATI-GOV-MIN-WALDEZ-GOES_HB7558-1200x800-1.jpg 1200w\" sizes=\"auto, (max-width: 342px) 100vw, 342px\" \/><\/figure>\n","protected":false},"excerpt":{"rendered":"<p>O governador Elmano de Freitas vistoriou, no \u00faltimo s\u00e1bado, dia 27 de maio, a barragem de Jati (CE), estrutura integrante do Eixo Norte do Projeto de Integra\u00e7\u00e3o do Rio S\u00e3o Francisco. A visita tamb\u00e9m contou com a presen\u00e7a do ministro da Integra\u00e7\u00e3o e do Desenvolvimento Regional, Waldez G\u00f3es. Elmano de Freitas ressaltou a import\u00e2ncia da chegada de recursos federais para a Regi\u00e3o do Cariri visando garantir seguran\u00e7a h\u00eddrica para os cearenses.&nbsp; A barragem \u00e9 o ponto de partida do&hellip;<\/p>\n","protected":false},"author":1,"featured_media":29437,"comment_status":"open","ping_status":"open","sticky":false,"template":"","format":"standard","meta":{"footnotes":""},"categories":[1],"tags":[],"class_list":["post-29436","post","type-post","status-publish","format-standard","has-post-thumbnail","hentry","category-noticias"],"_links":{"self":[{"href":"https:\/\/blogdorogeriogomes.com.br\/noticias\/wp-json\/wp\/v2\/posts\/29436","targetHints":{"allow":["GET"]}}],"collection":[{"href":"https:\/\/blogdorogeriogomes.com.br\/noticias\/wp-json\/wp\/v2\/posts"}],"about":[{"href":"https:\/\/blogdorogeriogomes.com.br\/noticias\/wp-json\/wp\/v2\/types\/post"}],"author":[{"embeddable":true,"href":"https:\/\/blogdorogeriogomes.com.br\/noticias\/wp-json\/wp\/v2\/users\/1"}],"replies":[{"embeddable":true,"href":"https:\/\/blogdorogeriogomes.com.br\/noticias\/wp-json\/wp\/v2\/comments?post=29436"}],"version-history":[{"count":2,"href":"https:\/\/blogdorogeriogomes.com.br\/noticias\/wp-json\/wp\/v2\/posts\/29436\/revisions"}],"predecessor-version":[{"id":29450,"href":"https:\/\/blogdorogeriogomes.com.br\/noticias\/wp-json\/wp\/v2\/posts\/29436\/revisions\/29450"}],"wp:featuredmedia":[{"embeddable":true,"href":"https:\/\/blogdorogeriogomes.com.br\/noticias\/wp-json\/wp\/v2\/media\/29437"}],"wp:attachment":[{"href":"https:\/\/blogdorogeriogomes.com.br\/noticias\/wp-json\/wp\/v2\/media?parent=29436"}],"wp:term":[{"taxonomy":"category","embeddable":true,"href":"https:\/\/blogdorogeriogomes.com.br\/noticias\/wp-json\/wp\/v2\/categories?post=29436"},{"taxonomy":"post_tag","embeddable":true,"href":"https:\/\/blogdorogeriogomes.com.br\/noticias\/wp-json\/wp\/v2\/tags?post=29436"}],"curies":[{"name":"wp","href":"https:\/\/api.w.org\/{rel}","templated":true}]}}