{"id":29439,"date":"2023-05-29T11:07:15","date_gmt":"2023-05-29T11:07:15","guid":{"rendered":"https:\/\/blogdorogeriogomes.com.br\/?p=29439"},"modified":"2023-05-30T11:24:47","modified_gmt":"2023-05-30T11:24:47","slug":"pdt-de-jose-sarto-e-roberto-claudio-inicia-encontros-regionais-em-fortaleza","status":"publish","type":"post","link":"https:\/\/blogdorogeriogomes.com.br\/noticias\/2023\/05\/pdt-de-jose-sarto-e-roberto-claudio-inicia-encontros-regionais-em-fortaleza\/","title":{"rendered":"PDT de Jos\u00e9 Sarto e Roberto Cl\u00e1udio inicia encontros regionais em Fortaleza"},"content":{"rendered":"\n<p>O prefeito de Fortaleza, Jos\u00e9 Sarto&nbsp;(PDT), e o ex-prefeito Roberto Cl\u00e1udio (PDT) iniciaram, no \u00faltimo s\u00e1bado, dia 27 de maio, o primeiro de 12 encontros regionais do&nbsp;PDT na Capital. A reuni\u00e3o foi realizada no bairro Conjunto Esperan\u00e7a e teve como tema emprego e renda. Nos pr\u00f3ximos encontros devem entrar na pauta: educa\u00e7\u00e3o, sa\u00fade, meio ambiente e mobilidade.<\/p>\n\n\n\n<p>Tamb\u00e9m fizeram parte do encontro do s\u00e1bado o presidente da C\u00e2mara Municipal de Fortaleza, Gardel Rolim, os deputados estaduais Ant\u00f4nio Henrique, Cl\u00e1udio Pinho e Queiroz Filho. <\/p>\n\n\n\n<p>O prefeito Jos\u00e9 Sarto destacou, no Conjunto Esperan\u00e7a, as a\u00e7\u00f5es municipais de emprego e renda desenvolvidas na atual gest\u00e3o. &#8220;Somos o maior PIB da nossa regi\u00e3o, a Capital que mais gera postos de trabalho no Norte e Nordeste, a que mais capacita em todo o Pa\u00eds. Contamos com programas de incentivo ao empreendedorismo, como Nossas Guerreiras, Meu Bairro Empreendedor, Meu Carrinho Empreendedor. Estamos realizando grandes obras por toda a cidade, melhorando a qualidade de vida da popula\u00e7\u00e3o e contribuindo com empregos diretos e indiretos&#8221;, afirmou o prefeito da Capital.<\/p>\n\n\n\n<figure class=\"wp-block-image size-full\"><img loading=\"lazy\" decoding=\"async\" width=\"683\" height=\"455\" src=\"https:\/\/blogdorogeriogomes.com.br\/wp-content\/uploads\/2023\/05\/IMG-20230529-WA0019.jpg\" alt=\"\" class=\"wp-image-29440\" srcset=\"https:\/\/blogdorogeriogomes.com.br\/noticias\/wp-content\/uploads\/2023\/05\/IMG-20230529-WA0019.jpg 683w, https:\/\/blogdorogeriogomes.com.br\/noticias\/wp-content\/uploads\/2023\/05\/IMG-20230529-WA0019-300x200.jpg 300w\" sizes=\"auto, (max-width: 683px) 100vw, 683px\" \/><\/figure>\n\n\n\n<p><\/p>\n","protected":false},"excerpt":{"rendered":"<p>O prefeito de Fortaleza, Jos\u00e9 Sarto&nbsp;(PDT), e o ex-prefeito Roberto Cl\u00e1udio (PDT) iniciaram, no \u00faltimo s\u00e1bado, dia 27 de maio, o primeiro de 12 encontros regionais do&nbsp;PDT na Capital. A reuni\u00e3o foi realizada no bairro Conjunto Esperan\u00e7a e teve como tema emprego e renda. Nos pr\u00f3ximos encontros devem entrar na pauta: educa\u00e7\u00e3o, sa\u00fade, meio ambiente e mobilidade. Tamb\u00e9m fizeram parte do encontro do s\u00e1bado o presidente da C\u00e2mara Municipal de Fortaleza, Gardel Rolim, os deputados estaduais Ant\u00f4nio Henrique, Cl\u00e1udio&hellip;<\/p>\n","protected":false},"author":1,"featured_media":29440,"comment_status":"open","ping_status":"open","sticky":false,"template":"","format":"standard","meta":{"footnotes":""},"categories":[1],"tags":[],"class_list":["post-29439","post","type-post","status-publish","format-standard","has-post-thumbnail","hentry","category-noticias"],"_links":{"self":[{"href":"https:\/\/blogdorogeriogomes.com.br\/noticias\/wp-json\/wp\/v2\/posts\/29439","targetHints":{"allow":["GET"]}}],"collection":[{"href":"https:\/\/blogdorogeriogomes.com.br\/noticias\/wp-json\/wp\/v2\/posts"}],"about":[{"href":"https:\/\/blogdorogeriogomes.com.br\/noticias\/wp-json\/wp\/v2\/types\/post"}],"author":[{"embeddable":true,"href":"https:\/\/blogdorogeriogomes.com.br\/noticias\/wp-json\/wp\/v2\/users\/1"}],"replies":[{"embeddable":true,"href":"https:\/\/blogdorogeriogomes.com.br\/noticias\/wp-json\/wp\/v2\/comments?post=29439"}],"version-history":[{"count":2,"href":"https:\/\/blogdorogeriogomes.com.br\/noticias\/wp-json\/wp\/v2\/posts\/29439\/revisions"}],"predecessor-version":[{"id":29449,"href":"https:\/\/blogdorogeriogomes.com.br\/noticias\/wp-json\/wp\/v2\/posts\/29439\/revisions\/29449"}],"wp:featuredmedia":[{"embeddable":true,"href":"https:\/\/blogdorogeriogomes.com.br\/noticias\/wp-json\/wp\/v2\/media\/29440"}],"wp:attachment":[{"href":"https:\/\/blogdorogeriogomes.com.br\/noticias\/wp-json\/wp\/v2\/media?parent=29439"}],"wp:term":[{"taxonomy":"category","embeddable":true,"href":"https:\/\/blogdorogeriogomes.com.br\/noticias\/wp-json\/wp\/v2\/categories?post=29439"},{"taxonomy":"post_tag","embeddable":true,"href":"https:\/\/blogdorogeriogomes.com.br\/noticias\/wp-json\/wp\/v2\/tags?post=29439"}],"curies":[{"name":"wp","href":"https:\/\/api.w.org\/{rel}","templated":true}]}}