{"id":29442,"date":"2023-05-29T19:52:49","date_gmt":"2023-05-29T19:52:49","guid":{"rendered":"https:\/\/blogdorogeriogomes.com.br\/?p=29442"},"modified":"2023-05-30T11:24:41","modified_gmt":"2023-05-30T11:24:41","slug":"servidor-publico-estadual-recebe-primeira-parcela-do-13-salario-no-dia-12-de-junho","status":"publish","type":"post","link":"https:\/\/blogdorogeriogomes.com.br\/noticias\/2023\/05\/servidor-publico-estadual-recebe-primeira-parcela-do-13-salario-no-dia-12-de-junho\/","title":{"rendered":"Servidor p\u00fablico estadual recebe primeira parcela do 13\u00b0 sal\u00e1rio no dia 12 de junho"},"content":{"rendered":"\n<p>O servidor p\u00fablico estadual no Cear\u00e1 ter\u00e1 dinheiro extra em junho. O governador Elmano de Freitas anunciou, na tarde desta segunda-feira, dia 29 de junho, que o Estado vai antecipar o pagamento da primeira parcela do 13\u00ba sal\u00e1rio para o dia 12 de junho. O an\u00fancio foi feito ao lado do secret\u00e1rio da Fazenda do Cear\u00e1, Fabr\u00edzio Gomes. A medida contemplar\u00e1 cerca de 160 mil servidores p\u00fablicos estaduais, entre ativos, aposentados e pensionistas.<\/p>\n\n\n\n<p>A previs\u00e3o \u00e9 que em junho seja injetado na economia cearense R$ 1,8 bilh\u00e3o, referentes ao sal\u00e1rio da folha de junho, que soma R$ 1,3 bilh\u00e3o, e a primeira parcela do 13\u00b0, representando um acr\u00e9scimo de 500 milh\u00f5es.&nbsp;<\/p>\n\n\n\n<figure class=\"wp-block-image size-full\"><img loading=\"lazy\" decoding=\"async\" width=\"678\" height=\"452\" src=\"https:\/\/blogdorogeriogomes.com.br\/wp-content\/uploads\/2023\/05\/images-20-1.jpeg\" alt=\"\" class=\"wp-image-29443\" srcset=\"https:\/\/blogdorogeriogomes.com.br\/noticias\/wp-content\/uploads\/2023\/05\/images-20-1.jpeg 678w, https:\/\/blogdorogeriogomes.com.br\/noticias\/wp-content\/uploads\/2023\/05\/images-20-1-300x200.jpeg 300w\" sizes=\"auto, (max-width: 678px) 100vw, 678px\" \/><\/figure>\n","protected":false},"excerpt":{"rendered":"<p>O servidor p\u00fablico estadual no Cear\u00e1 ter\u00e1 dinheiro extra em junho. O governador Elmano de Freitas anunciou, na tarde desta segunda-feira, dia 29 de junho, que o Estado vai antecipar o pagamento da primeira parcela do 13\u00ba sal\u00e1rio para o dia 12 de junho. O an\u00fancio foi feito ao lado do secret\u00e1rio da Fazenda do Cear\u00e1, Fabr\u00edzio Gomes. A medida contemplar\u00e1 cerca de 160 mil servidores p\u00fablicos estaduais, entre ativos, aposentados e pensionistas. A previs\u00e3o \u00e9 que em junho&hellip;<\/p>\n","protected":false},"author":1,"featured_media":29443,"comment_status":"open","ping_status":"open","sticky":false,"template":"","format":"standard","meta":{"footnotes":""},"categories":[1],"tags":[],"class_list":["post-29442","post","type-post","status-publish","format-standard","has-post-thumbnail","hentry","category-noticias"],"_links":{"self":[{"href":"https:\/\/blogdorogeriogomes.com.br\/noticias\/wp-json\/wp\/v2\/posts\/29442","targetHints":{"allow":["GET"]}}],"collection":[{"href":"https:\/\/blogdorogeriogomes.com.br\/noticias\/wp-json\/wp\/v2\/posts"}],"about":[{"href":"https:\/\/blogdorogeriogomes.com.br\/noticias\/wp-json\/wp\/v2\/types\/post"}],"author":[{"embeddable":true,"href":"https:\/\/blogdorogeriogomes.com.br\/noticias\/wp-json\/wp\/v2\/users\/1"}],"replies":[{"embeddable":true,"href":"https:\/\/blogdorogeriogomes.com.br\/noticias\/wp-json\/wp\/v2\/comments?post=29442"}],"version-history":[{"count":2,"href":"https:\/\/blogdorogeriogomes.com.br\/noticias\/wp-json\/wp\/v2\/posts\/29442\/revisions"}],"predecessor-version":[{"id":29448,"href":"https:\/\/blogdorogeriogomes.com.br\/noticias\/wp-json\/wp\/v2\/posts\/29442\/revisions\/29448"}],"wp:featuredmedia":[{"embeddable":true,"href":"https:\/\/blogdorogeriogomes.com.br\/noticias\/wp-json\/wp\/v2\/media\/29443"}],"wp:attachment":[{"href":"https:\/\/blogdorogeriogomes.com.br\/noticias\/wp-json\/wp\/v2\/media?parent=29442"}],"wp:term":[{"taxonomy":"category","embeddable":true,"href":"https:\/\/blogdorogeriogomes.com.br\/noticias\/wp-json\/wp\/v2\/categories?post=29442"},{"taxonomy":"post_tag","embeddable":true,"href":"https:\/\/blogdorogeriogomes.com.br\/noticias\/wp-json\/wp\/v2\/tags?post=29442"}],"curies":[{"name":"wp","href":"https:\/\/api.w.org\/{rel}","templated":true}]}}