{"id":29445,"date":"2023-05-29T23:58:41","date_gmt":"2023-05-29T23:58:41","guid":{"rendered":"https:\/\/blogdorogeriogomes.com.br\/?p=29445"},"modified":"2023-05-30T11:24:35","modified_gmt":"2023-05-30T11:24:35","slug":"governos-federal-e-estadual-entregam-880-novas-unidades-habitacionais-do-minha-casa-minha-vida-no-conjunto-jose-walter","status":"publish","type":"post","link":"https:\/\/blogdorogeriogomes.com.br\/noticias\/2023\/05\/governos-federal-e-estadual-entregam-880-novas-unidades-habitacionais-do-minha-casa-minha-vida-no-conjunto-jose-walter\/","title":{"rendered":"Governos Federal e Estadual entregam 880 novas unidades habitacionais do Minha Casa, Minha Vida no Conjunto Jos\u00e9 Walter"},"content":{"rendered":"\n<p>Acompanhado do ministro das Cidades, Jader Filho, o governador Elmano de Freitas participou, nesta segunda-feira, dia 29 de maio, da entrega de 880 unidades habitacionais no Residencial Cidade Jardim, em Fortaleza. As resid\u00eancias, constru\u00eddas dentro do programa Minha Casa, Minha Vida, do Governo Federal, ir\u00e3o abrigar um total de 3.520 pessoas. Tamb\u00e9m esteve na cerim\u00f4nia o prefeito de Fortaleza, Jos\u00e9 Sarto. <\/p>\n\n\n\n<p>Localizado no bairro Conjunto Prefeito Jos\u00e9 Walter, o m\u00f3dulo V do Residencial Cidade Jardim receber\u00e1 pessoas atendidas pelos projetos Maranguapinho e Coc\u00f3, remanejadas das obras do Ve\u00edculo Leve sobre Trilhos (VLT), e removidas de \u00e1rea de risco dos bairros Aerol\u00e2ndia (CDI) e Vicente Pinzon.<\/p>\n\n\n\n<p>O investimento total deste M\u00f3dulo V foi de R$ 57 milh\u00f5es, sendo R$ 53,77 milh\u00f5es de verba federal e R$ 3,3 milh\u00f5es de contrapartida estadual.<\/p>\n\n\n\n<figure class=\"wp-block-image size-large\"><img loading=\"lazy\" decoding=\"async\" width=\"1024\" height=\"684\" src=\"https:\/\/blogdorogeriogomes.com.br\/wp-content\/uploads\/2023\/05\/230529_ENTREGA-880-UNIDADES-RESIDENCIAL-CIDADE-JARDIM_CG8147_3-1200x802-1-1024x684.jpg\" alt=\"\" class=\"wp-image-29446\" srcset=\"https:\/\/blogdorogeriogomes.com.br\/noticias\/wp-content\/uploads\/2023\/05\/230529_ENTREGA-880-UNIDADES-RESIDENCIAL-CIDADE-JARDIM_CG8147_3-1200x802-1-1024x684.jpg 1024w, https:\/\/blogdorogeriogomes.com.br\/noticias\/wp-content\/uploads\/2023\/05\/230529_ENTREGA-880-UNIDADES-RESIDENCIAL-CIDADE-JARDIM_CG8147_3-1200x802-1-300x201.jpg 300w, https:\/\/blogdorogeriogomes.com.br\/noticias\/wp-content\/uploads\/2023\/05\/230529_ENTREGA-880-UNIDADES-RESIDENCIAL-CIDADE-JARDIM_CG8147_3-1200x802-1-768x513.jpg 768w, https:\/\/blogdorogeriogomes.com.br\/noticias\/wp-content\/uploads\/2023\/05\/230529_ENTREGA-880-UNIDADES-RESIDENCIAL-CIDADE-JARDIM_CG8147_3-1200x802-1-800x535.jpg 800w, https:\/\/blogdorogeriogomes.com.br\/noticias\/wp-content\/uploads\/2023\/05\/230529_ENTREGA-880-UNIDADES-RESIDENCIAL-CIDADE-JARDIM_CG8147_3-1200x802-1.jpg 1200w\" sizes=\"auto, (max-width: 1024px) 100vw, 1024px\" \/><\/figure>\n","protected":false},"excerpt":{"rendered":"<p>Acompanhado do ministro das Cidades, Jader Filho, o governador Elmano de Freitas participou, nesta segunda-feira, dia 29 de maio, da entrega de 880 unidades habitacionais no Residencial Cidade Jardim, em Fortaleza. As resid\u00eancias, constru\u00eddas dentro do programa Minha Casa, Minha Vida, do Governo Federal, ir\u00e3o abrigar um total de 3.520 pessoas. Tamb\u00e9m esteve na cerim\u00f4nia o prefeito de Fortaleza, Jos\u00e9 Sarto. Localizado no bairro Conjunto Prefeito Jos\u00e9 Walter, o m\u00f3dulo V do Residencial Cidade Jardim receber\u00e1 pessoas atendidas pelos&hellip;<\/p>\n","protected":false},"author":1,"featured_media":29446,"comment_status":"open","ping_status":"open","sticky":false,"template":"","format":"standard","meta":{"footnotes":""},"categories":[1],"tags":[],"class_list":["post-29445","post","type-post","status-publish","format-standard","has-post-thumbnail","hentry","category-noticias"],"_links":{"self":[{"href":"https:\/\/blogdorogeriogomes.com.br\/noticias\/wp-json\/wp\/v2\/posts\/29445","targetHints":{"allow":["GET"]}}],"collection":[{"href":"https:\/\/blogdorogeriogomes.com.br\/noticias\/wp-json\/wp\/v2\/posts"}],"about":[{"href":"https:\/\/blogdorogeriogomes.com.br\/noticias\/wp-json\/wp\/v2\/types\/post"}],"author":[{"embeddable":true,"href":"https:\/\/blogdorogeriogomes.com.br\/noticias\/wp-json\/wp\/v2\/users\/1"}],"replies":[{"embeddable":true,"href":"https:\/\/blogdorogeriogomes.com.br\/noticias\/wp-json\/wp\/v2\/comments?post=29445"}],"version-history":[{"count":1,"href":"https:\/\/blogdorogeriogomes.com.br\/noticias\/wp-json\/wp\/v2\/posts\/29445\/revisions"}],"predecessor-version":[{"id":29447,"href":"https:\/\/blogdorogeriogomes.com.br\/noticias\/wp-json\/wp\/v2\/posts\/29445\/revisions\/29447"}],"wp:featuredmedia":[{"embeddable":true,"href":"https:\/\/blogdorogeriogomes.com.br\/noticias\/wp-json\/wp\/v2\/media\/29446"}],"wp:attachment":[{"href":"https:\/\/blogdorogeriogomes.com.br\/noticias\/wp-json\/wp\/v2\/media?parent=29445"}],"wp:term":[{"taxonomy":"category","embeddable":true,"href":"https:\/\/blogdorogeriogomes.com.br\/noticias\/wp-json\/wp\/v2\/categories?post=29445"},{"taxonomy":"post_tag","embeddable":true,"href":"https:\/\/blogdorogeriogomes.com.br\/noticias\/wp-json\/wp\/v2\/tags?post=29445"}],"curies":[{"name":"wp","href":"https:\/\/api.w.org\/{rel}","templated":true}]}}