{"id":29451,"date":"2023-05-30T12:59:50","date_gmt":"2023-05-30T12:59:50","guid":{"rendered":"https:\/\/blogdorogeriogomes.com.br\/?p=29451"},"modified":"2023-06-05T17:28:55","modified_gmt":"2023-06-05T17:28:55","slug":"apos-principio-de-incendio-assembleia-legislativa-suspende-atendimentos-do-procon-e-casa-do-cidadao-nesta-terca-feira","status":"publish","type":"post","link":"https:\/\/blogdorogeriogomes.com.br\/noticias\/2023\/05\/apos-principio-de-incendio-assembleia-legislativa-suspende-atendimentos-do-procon-e-casa-do-cidadao-nesta-terca-feira\/","title":{"rendered":"Ap\u00f3s princ\u00edpio de inc\u00eandio, Assembleia Legislativa suspende atendimentos do Procon e Casa do Cidad\u00e3o nesta ter\u00e7a-feira"},"content":{"rendered":"\n<p>Ap\u00f3s o princ\u00edpio de inc\u00eandio registrado no pr\u00e9dio Anexo 3 da Assembleia Legislativa do Cear\u00e1, na madrugada desta ter\u00e7a-feira, dia 30 de maio, os atendimentos na Casa do Cidad\u00e3o e no Procon ficaram suspensos ao longo do dia. O princ\u00edpio de inc\u00eandio atingiu a sala de subesta\u00e7\u00e3o de energia el\u00e9trica no Anexo 3 da Alece, mas n\u00e3o houve feridos.<\/p>\n\n\n\n<p>O presidente da Assembleia Legislativa, Evandro Leit\u00e3o (PDT), refor\u00e7ou nas suas redes sociais que, por quest\u00e3o de seguran\u00e7a, o pr\u00e9dio ficar\u00e1 fechado nesta ter\u00e7a-feira.<\/p>\n\n\n\n<figure class=\"wp-block-image size-full\"><img loading=\"lazy\" decoding=\"async\" width=\"984\" height=\"486\" src=\"https:\/\/blogdorogeriogomes.com.br\/wp-content\/uploads\/2023\/05\/al.jpeg\" alt=\"\" class=\"wp-image-29452\" srcset=\"https:\/\/blogdorogeriogomes.com.br\/noticias\/wp-content\/uploads\/2023\/05\/al.jpeg 984w, https:\/\/blogdorogeriogomes.com.br\/noticias\/wp-content\/uploads\/2023\/05\/al-300x148.jpeg 300w, https:\/\/blogdorogeriogomes.com.br\/noticias\/wp-content\/uploads\/2023\/05\/al-768x379.jpeg 768w, https:\/\/blogdorogeriogomes.com.br\/noticias\/wp-content\/uploads\/2023\/05\/al-800x395.jpeg 800w\" sizes=\"auto, (max-width: 984px) 100vw, 984px\" \/><\/figure>\n","protected":false},"excerpt":{"rendered":"<p>Ap\u00f3s o princ\u00edpio de inc\u00eandio registrado no pr\u00e9dio Anexo 3 da Assembleia Legislativa do Cear\u00e1, na madrugada desta ter\u00e7a-feira, dia 30 de maio, os atendimentos na Casa do Cidad\u00e3o e no Procon ficaram suspensos ao longo do dia. O princ\u00edpio de inc\u00eandio atingiu a sala de subesta\u00e7\u00e3o de energia el\u00e9trica no Anexo 3 da Alece, mas n\u00e3o houve feridos. O presidente da Assembleia Legislativa, Evandro Leit\u00e3o (PDT), refor\u00e7ou nas suas redes sociais que, por quest\u00e3o de seguran\u00e7a, o pr\u00e9dio&hellip;<\/p>\n","protected":false},"author":1,"featured_media":29452,"comment_status":"open","ping_status":"open","sticky":false,"template":"","format":"standard","meta":{"footnotes":""},"categories":[1],"tags":[],"class_list":["post-29451","post","type-post","status-publish","format-standard","has-post-thumbnail","hentry","category-noticias"],"_links":{"self":[{"href":"https:\/\/blogdorogeriogomes.com.br\/noticias\/wp-json\/wp\/v2\/posts\/29451","targetHints":{"allow":["GET"]}}],"collection":[{"href":"https:\/\/blogdorogeriogomes.com.br\/noticias\/wp-json\/wp\/v2\/posts"}],"about":[{"href":"https:\/\/blogdorogeriogomes.com.br\/noticias\/wp-json\/wp\/v2\/types\/post"}],"author":[{"embeddable":true,"href":"https:\/\/blogdorogeriogomes.com.br\/noticias\/wp-json\/wp\/v2\/users\/1"}],"replies":[{"embeddable":true,"href":"https:\/\/blogdorogeriogomes.com.br\/noticias\/wp-json\/wp\/v2\/comments?post=29451"}],"version-history":[{"count":1,"href":"https:\/\/blogdorogeriogomes.com.br\/noticias\/wp-json\/wp\/v2\/posts\/29451\/revisions"}],"predecessor-version":[{"id":29453,"href":"https:\/\/blogdorogeriogomes.com.br\/noticias\/wp-json\/wp\/v2\/posts\/29451\/revisions\/29453"}],"wp:featuredmedia":[{"embeddable":true,"href":"https:\/\/blogdorogeriogomes.com.br\/noticias\/wp-json\/wp\/v2\/media\/29452"}],"wp:attachment":[{"href":"https:\/\/blogdorogeriogomes.com.br\/noticias\/wp-json\/wp\/v2\/media?parent=29451"}],"wp:term":[{"taxonomy":"category","embeddable":true,"href":"https:\/\/blogdorogeriogomes.com.br\/noticias\/wp-json\/wp\/v2\/categories?post=29451"},{"taxonomy":"post_tag","embeddable":true,"href":"https:\/\/blogdorogeriogomes.com.br\/noticias\/wp-json\/wp\/v2\/tags?post=29451"}],"curies":[{"name":"wp","href":"https:\/\/api.w.org\/{rel}","templated":true}]}}