{"id":29460,"date":"2023-05-31T09:48:11","date_gmt":"2023-05-31T09:48:11","guid":{"rendered":"https:\/\/blogdorogeriogomes.com.br\/?p=29460"},"modified":"2023-06-05T17:29:28","modified_gmt":"2023-06-05T17:29:28","slug":"em-derrota-do-governo-lula-camara-dos-deputados-aprova-marco-temporal-que-prejudica-indigenas","status":"publish","type":"post","link":"https:\/\/blogdorogeriogomes.com.br\/noticias\/2023\/05\/em-derrota-do-governo-lula-camara-dos-deputados-aprova-marco-temporal-que-prejudica-indigenas\/","title":{"rendered":"Em derrota do Governo Lula, C\u00e2mara dos Deputados aprova Marco Temporal que prejudica ind\u00edgenas"},"content":{"rendered":"\n<p>A C\u00e2mara dos Deputados aprovou nesta ter\u00e7a-feira, dia 30 de maio, por 283 votos a 155, o projeto que limita a demarca\u00e7\u00e3o de terras e fragiliza uma s\u00e9rie de direitos dos ind\u00edgenas. Houve uma absten\u00e7\u00e3o. O texto vai ao Senado Federal. O Marco Temporal estabelece que os povos origin\u00e1rios s\u00f3 t\u00eam direito \u00e0s terras que j\u00e1 eram tradicionalmente ocupadas por eles no dia da promulga\u00e7\u00e3o da Constitui\u00e7\u00e3o Federal, em 5 de outubro de 1988.<\/p>\n\n\n\n<p>O Governo Lula sai derrotado na vota\u00e7\u00e3o porque \u00e9 contra a explora\u00e7\u00e3o de terras ind\u00edgenas. Na pr\u00e1tica, a tese permite que \u00edndios sejam expulsos de terras que ocupam, caso n\u00e3o se comprove que estavam l\u00e1 antes de 1988.<\/p>\n\n\n\n<p>Mas a luta para ampliar a demarca\u00e7\u00e3o das terras ind\u00edgenas n\u00e3o acabou. Al\u00e9m do marco ainda ter que passar pelo Senado, o Supremo Tribunal Federal j\u00e1 marcou julgamento para analisar a constitucionalidade do projeto que tem \u00e0 frente a bancada conservadora no Congresso.<\/p>\n\n\n\n<p>Contra o Marco Temporal, ind\u00edgenas fizeram protestos em v\u00e1rias capitais brasileiras durante a ter\u00e7a-feira.<\/p>\n\n\n\n<figure class=\"wp-block-image size-full\"><img loading=\"lazy\" decoding=\"async\" width=\"450\" height=\"337\" src=\"https:\/\/blogdorogeriogomes.com.br\/wp-content\/uploads\/2023\/05\/indigenas-se-manifestam-em-frente-ao-stf-durante-julgamento-de-acao-pela-anulacao-dos-titulos-de-posse-na-terra-indigena-caramuru-paraguacu-na-bahia-em-2008-1649448531520_v2_450x337.jpg.webp\" alt=\"\" class=\"wp-image-29461\" srcset=\"https:\/\/blogdorogeriogomes.com.br\/noticias\/wp-content\/uploads\/2023\/05\/indigenas-se-manifestam-em-frente-ao-stf-durante-julgamento-de-acao-pela-anulacao-dos-titulos-de-posse-na-terra-indigena-caramuru-paraguacu-na-bahia-em-2008-1649448531520_v2_450x337.jpg.webp 450w, https:\/\/blogdorogeriogomes.com.br\/noticias\/wp-content\/uploads\/2023\/05\/indigenas-se-manifestam-em-frente-ao-stf-durante-julgamento-de-acao-pela-anulacao-dos-titulos-de-posse-na-terra-indigena-caramuru-paraguacu-na-bahia-em-2008-1649448531520_v2_450x337.jpg-300x225.webp 300w, https:\/\/blogdorogeriogomes.com.br\/noticias\/wp-content\/uploads\/2023\/05\/indigenas-se-manifestam-em-frente-ao-stf-durante-julgamento-de-acao-pela-anulacao-dos-titulos-de-posse-na-terra-indigena-caramuru-paraguacu-na-bahia-em-2008-1649448531520_v2_450x337.jpg-400x300.webp 400w\" sizes=\"auto, (max-width: 450px) 100vw, 450px\" \/><\/figure>\n","protected":false},"excerpt":{"rendered":"<p>A C\u00e2mara dos Deputados aprovou nesta ter\u00e7a-feira, dia 30 de maio, por 283 votos a 155, o projeto que limita a demarca\u00e7\u00e3o de terras e fragiliza uma s\u00e9rie de direitos dos ind\u00edgenas. Houve uma absten\u00e7\u00e3o. O texto vai ao Senado Federal. O Marco Temporal estabelece que os povos origin\u00e1rios s\u00f3 t\u00eam direito \u00e0s terras que j\u00e1 eram tradicionalmente ocupadas por eles no dia da promulga\u00e7\u00e3o da Constitui\u00e7\u00e3o Federal, em 5 de outubro de 1988. O Governo Lula sai derrotado&hellip;<\/p>\n","protected":false},"author":1,"featured_media":29461,"comment_status":"open","ping_status":"open","sticky":false,"template":"","format":"standard","meta":{"footnotes":""},"categories":[1],"tags":[],"class_list":["post-29460","post","type-post","status-publish","format-standard","has-post-thumbnail","hentry","category-noticias"],"_links":{"self":[{"href":"https:\/\/blogdorogeriogomes.com.br\/noticias\/wp-json\/wp\/v2\/posts\/29460","targetHints":{"allow":["GET"]}}],"collection":[{"href":"https:\/\/blogdorogeriogomes.com.br\/noticias\/wp-json\/wp\/v2\/posts"}],"about":[{"href":"https:\/\/blogdorogeriogomes.com.br\/noticias\/wp-json\/wp\/v2\/types\/post"}],"author":[{"embeddable":true,"href":"https:\/\/blogdorogeriogomes.com.br\/noticias\/wp-json\/wp\/v2\/users\/1"}],"replies":[{"embeddable":true,"href":"https:\/\/blogdorogeriogomes.com.br\/noticias\/wp-json\/wp\/v2\/comments?post=29460"}],"version-history":[{"count":1,"href":"https:\/\/blogdorogeriogomes.com.br\/noticias\/wp-json\/wp\/v2\/posts\/29460\/revisions"}],"predecessor-version":[{"id":29462,"href":"https:\/\/blogdorogeriogomes.com.br\/noticias\/wp-json\/wp\/v2\/posts\/29460\/revisions\/29462"}],"wp:featuredmedia":[{"embeddable":true,"href":"https:\/\/blogdorogeriogomes.com.br\/noticias\/wp-json\/wp\/v2\/media\/29461"}],"wp:attachment":[{"href":"https:\/\/blogdorogeriogomes.com.br\/noticias\/wp-json\/wp\/v2\/media?parent=29460"}],"wp:term":[{"taxonomy":"category","embeddable":true,"href":"https:\/\/blogdorogeriogomes.com.br\/noticias\/wp-json\/wp\/v2\/categories?post=29460"},{"taxonomy":"post_tag","embeddable":true,"href":"https:\/\/blogdorogeriogomes.com.br\/noticias\/wp-json\/wp\/v2\/tags?post=29460"}],"curies":[{"name":"wp","href":"https:\/\/api.w.org\/{rel}","templated":true}]}}