{"id":29466,"date":"2023-05-31T19:58:04","date_gmt":"2023-05-31T19:58:04","guid":{"rendered":"https:\/\/blogdorogeriogomes.com.br\/?p=29466"},"modified":"2023-06-05T17:29:45","modified_gmt":"2023-06-05T17:29:45","slug":"prefeitura-de-fortaleza-amplia-oferta-de-exames-de-imagens-para-pacientes-da-capital","status":"publish","type":"post","link":"https:\/\/blogdorogeriogomes.com.br\/noticias\/2023\/05\/prefeitura-de-fortaleza-amplia-oferta-de-exames-de-imagens-para-pacientes-da-capital\/","title":{"rendered":"Prefeitura de Fortaleza amplia oferta de exames de imagens para pacientes da Capital"},"content":{"rendered":"\n<p>O prefeito de Fortaleza, Jos\u00e9 Sarto (PDT), assinou, nesta quarta-feira, dia 31 de maio, contrato para realiza\u00e7\u00e3o de mais 1.764 exames de imagem por m\u00eas, voltados para os pacientes do Sistema \u00danico de Sa\u00fade (SUS). A iniciativa, gerida por meio da Secretaria Municipal da Sa\u00fade (SMS), visa ampliar a oferta de diagn\u00f3stico por imagem na Capital, beneficiando diversos fortalezenses de forma imediata.<\/p>\n\n\n\n<p>De acordo com o prefeito, a iniciativa tem por objetivo normalizar a oferta de exames de maior complexidade, atendendo uma demanda que estava reprimida por conta da pandemia de Covid-19.<\/p>\n\n\n\n<p>O contrato foi firmado com a cl\u00ednica Omnimagem. A iniciativa prev\u00ea a realiza\u00e7\u00e3o mensal de 1.001 exames de mamografia, 300 ultrassonografias, 290 resson\u00e2ncias, 123 cintilografias e 15 tomografias e 35 Pet-Scan. O investimento mensal ser\u00e1 de cerca de R$ 248 mil.<\/p>\n\n\n\n<figure class=\"wp-block-image size-large\"><img loading=\"lazy\" decoding=\"async\" width=\"1024\" height=\"601\" src=\"https:\/\/blogdorogeriogomes.com.br\/wp-content\/uploads\/2023\/05\/31-05-2023-SMS-DSC04195-1024x601.jpg\" alt=\"\" class=\"wp-image-29467\" srcset=\"https:\/\/blogdorogeriogomes.com.br\/noticias\/wp-content\/uploads\/2023\/05\/31-05-2023-SMS-DSC04195-1024x601.jpg 1024w, https:\/\/blogdorogeriogomes.com.br\/noticias\/wp-content\/uploads\/2023\/05\/31-05-2023-SMS-DSC04195-300x176.jpg 300w, https:\/\/blogdorogeriogomes.com.br\/noticias\/wp-content\/uploads\/2023\/05\/31-05-2023-SMS-DSC04195-768x451.jpg 768w, https:\/\/blogdorogeriogomes.com.br\/noticias\/wp-content\/uploads\/2023\/05\/31-05-2023-SMS-DSC04195-1536x902.jpg 1536w, https:\/\/blogdorogeriogomes.com.br\/noticias\/wp-content\/uploads\/2023\/05\/31-05-2023-SMS-DSC04195-800x470.jpg 800w, https:\/\/blogdorogeriogomes.com.br\/noticias\/wp-content\/uploads\/2023\/05\/31-05-2023-SMS-DSC04195.jpg 1771w\" sizes=\"auto, (max-width: 1024px) 100vw, 1024px\" \/><\/figure>\n","protected":false},"excerpt":{"rendered":"<p>O prefeito de Fortaleza, Jos\u00e9 Sarto (PDT), assinou, nesta quarta-feira, dia 31 de maio, contrato para realiza\u00e7\u00e3o de mais 1.764 exames de imagem por m\u00eas, voltados para os pacientes do Sistema \u00danico de Sa\u00fade (SUS). A iniciativa, gerida por meio da Secretaria Municipal da Sa\u00fade (SMS), visa ampliar a oferta de diagn\u00f3stico por imagem na Capital, beneficiando diversos fortalezenses de forma imediata. De acordo com o prefeito, a iniciativa tem por objetivo normalizar a oferta de exames de maior&hellip;<\/p>\n","protected":false},"author":1,"featured_media":29467,"comment_status":"open","ping_status":"open","sticky":false,"template":"","format":"standard","meta":{"footnotes":""},"categories":[1],"tags":[],"class_list":["post-29466","post","type-post","status-publish","format-standard","has-post-thumbnail","hentry","category-noticias"],"_links":{"self":[{"href":"https:\/\/blogdorogeriogomes.com.br\/noticias\/wp-json\/wp\/v2\/posts\/29466","targetHints":{"allow":["GET"]}}],"collection":[{"href":"https:\/\/blogdorogeriogomes.com.br\/noticias\/wp-json\/wp\/v2\/posts"}],"about":[{"href":"https:\/\/blogdorogeriogomes.com.br\/noticias\/wp-json\/wp\/v2\/types\/post"}],"author":[{"embeddable":true,"href":"https:\/\/blogdorogeriogomes.com.br\/noticias\/wp-json\/wp\/v2\/users\/1"}],"replies":[{"embeddable":true,"href":"https:\/\/blogdorogeriogomes.com.br\/noticias\/wp-json\/wp\/v2\/comments?post=29466"}],"version-history":[{"count":1,"href":"https:\/\/blogdorogeriogomes.com.br\/noticias\/wp-json\/wp\/v2\/posts\/29466\/revisions"}],"predecessor-version":[{"id":29468,"href":"https:\/\/blogdorogeriogomes.com.br\/noticias\/wp-json\/wp\/v2\/posts\/29466\/revisions\/29468"}],"wp:featuredmedia":[{"embeddable":true,"href":"https:\/\/blogdorogeriogomes.com.br\/noticias\/wp-json\/wp\/v2\/media\/29467"}],"wp:attachment":[{"href":"https:\/\/blogdorogeriogomes.com.br\/noticias\/wp-json\/wp\/v2\/media?parent=29466"}],"wp:term":[{"taxonomy":"category","embeddable":true,"href":"https:\/\/blogdorogeriogomes.com.br\/noticias\/wp-json\/wp\/v2\/categories?post=29466"},{"taxonomy":"post_tag","embeddable":true,"href":"https:\/\/blogdorogeriogomes.com.br\/noticias\/wp-json\/wp\/v2\/tags?post=29466"}],"curies":[{"name":"wp","href":"https:\/\/api.w.org\/{rel}","templated":true}]}}