{"id":29469,"date":"2023-05-31T20:02:00","date_gmt":"2023-05-31T20:02:00","guid":{"rendered":"https:\/\/blogdorogeriogomes.com.br\/?p=29469"},"modified":"2023-06-05T17:29:55","modified_gmt":"2023-06-05T17:29:55","slug":"assembleia-legislativa-lanca-capacitacao-para-gestores-publicos-municipais-pela-unipace","status":"publish","type":"post","link":"https:\/\/blogdorogeriogomes.com.br\/noticias\/2023\/05\/assembleia-legislativa-lanca-capacitacao-para-gestores-publicos-municipais-pela-unipace\/","title":{"rendered":"Assembleia Legislativa lan\u00e7a capacita\u00e7\u00e3o para gestores p\u00fablicos municipais pela Unipace"},"content":{"rendered":"\n<p>Durante o lan\u00e7amento do Projeto Forma\u00e7\u00e3o em Escola de Gest\u00e3o e Produ\u00e7\u00e3o Legislativa Municipal, realizado na manh\u00e3 desta quarta-feira, dia 31 de maio, na Assembleia Legislativa, o presidente da Casa, deputado Evandro Leit\u00e3o, avaliou a iniciativa como mais uma oportunidade de aproximar o Parlamento estadual das demandas sociais. O projeto \u00e9 uma parceria da Escola Superior do Parlamento Cearense (Unipace) com a Associa\u00e7\u00e3o dos Munic\u00edpios do Cear\u00e1 (Aprece) e Uni\u00e3o dos Vereadores do Cear\u00e1 (UVC).<\/p>\n\n\n\n<p>A iniciativa, que visa aprimorar a forma\u00e7\u00e3o profissional dos agentes p\u00fablicos municipais, aperfei\u00e7oando o trabalho das c\u00e2maras dos munic\u00edpios, segundo o presidente da Alece, vai permitir uma melhor presta\u00e7\u00e3o dos servi\u00e7os p\u00fablicos. \u201cO Parlamento se aproxima da popula\u00e7\u00e3o na medida em que propicia condi\u00e7\u00f5es para que os seus representantes, em seus munic\u00edpios, possam se capacitar e adquirir conhecimentos. Dessa forma, projetos como esse, liderado pela Unipace, s\u00e3o de extrema import\u00e2ncia\u201d.<\/p>\n\n\n\n<p>Ainda de acordo com Evandro Leit\u00e3o, a grade curricular do projeto contempla temas como a Lei de Licita\u00e7\u00f5es e Gest\u00e3o de Contratos, legisla\u00e7\u00e3o eleitoral, governan\u00e7a de dados, direitos humanos, dentre outros, que v\u00e3o possibilitar uma vasta gama de conhecimento aos participantes.<\/p>\n\n\n\n<figure class=\"wp-block-image size-large\"><img loading=\"lazy\" decoding=\"async\" width=\"1024\" height=\"683\" src=\"https:\/\/blogdorogeriogomes.com.br\/wp-content\/uploads\/2023\/05\/IMG-20230531-WA0148-1024x683.jpg\" alt=\"\" class=\"wp-image-29470\" srcset=\"https:\/\/blogdorogeriogomes.com.br\/noticias\/wp-content\/uploads\/2023\/05\/IMG-20230531-WA0148-1024x683.jpg 1024w, https:\/\/blogdorogeriogomes.com.br\/noticias\/wp-content\/uploads\/2023\/05\/IMG-20230531-WA0148-300x200.jpg 300w, https:\/\/blogdorogeriogomes.com.br\/noticias\/wp-content\/uploads\/2023\/05\/IMG-20230531-WA0148-768x512.jpg 768w, https:\/\/blogdorogeriogomes.com.br\/noticias\/wp-content\/uploads\/2023\/05\/IMG-20230531-WA0148-800x533.jpg 800w, https:\/\/blogdorogeriogomes.com.br\/noticias\/wp-content\/uploads\/2023\/05\/IMG-20230531-WA0148.jpg 1368w\" sizes=\"auto, (max-width: 1024px) 100vw, 1024px\" \/><\/figure>\n\n\n\n<p><\/p>\n","protected":false},"excerpt":{"rendered":"<p>Durante o lan\u00e7amento do Projeto Forma\u00e7\u00e3o em Escola de Gest\u00e3o e Produ\u00e7\u00e3o Legislativa Municipal, realizado na manh\u00e3 desta quarta-feira, dia 31 de maio, na Assembleia Legislativa, o presidente da Casa, deputado Evandro Leit\u00e3o, avaliou a iniciativa como mais uma oportunidade de aproximar o Parlamento estadual das demandas sociais. O projeto \u00e9 uma parceria da Escola Superior do Parlamento Cearense (Unipace) com a Associa\u00e7\u00e3o dos Munic\u00edpios do Cear\u00e1 (Aprece) e Uni\u00e3o dos Vereadores do Cear\u00e1 (UVC). A iniciativa, que visa&hellip;<\/p>\n","protected":false},"author":1,"featured_media":29470,"comment_status":"open","ping_status":"open","sticky":false,"template":"","format":"standard","meta":{"footnotes":""},"categories":[1],"tags":[],"class_list":["post-29469","post","type-post","status-publish","format-standard","has-post-thumbnail","hentry","category-noticias"],"_links":{"self":[{"href":"https:\/\/blogdorogeriogomes.com.br\/noticias\/wp-json\/wp\/v2\/posts\/29469","targetHints":{"allow":["GET"]}}],"collection":[{"href":"https:\/\/blogdorogeriogomes.com.br\/noticias\/wp-json\/wp\/v2\/posts"}],"about":[{"href":"https:\/\/blogdorogeriogomes.com.br\/noticias\/wp-json\/wp\/v2\/types\/post"}],"author":[{"embeddable":true,"href":"https:\/\/blogdorogeriogomes.com.br\/noticias\/wp-json\/wp\/v2\/users\/1"}],"replies":[{"embeddable":true,"href":"https:\/\/blogdorogeriogomes.com.br\/noticias\/wp-json\/wp\/v2\/comments?post=29469"}],"version-history":[{"count":1,"href":"https:\/\/blogdorogeriogomes.com.br\/noticias\/wp-json\/wp\/v2\/posts\/29469\/revisions"}],"predecessor-version":[{"id":29471,"href":"https:\/\/blogdorogeriogomes.com.br\/noticias\/wp-json\/wp\/v2\/posts\/29469\/revisions\/29471"}],"wp:featuredmedia":[{"embeddable":true,"href":"https:\/\/blogdorogeriogomes.com.br\/noticias\/wp-json\/wp\/v2\/media\/29470"}],"wp:attachment":[{"href":"https:\/\/blogdorogeriogomes.com.br\/noticias\/wp-json\/wp\/v2\/media?parent=29469"}],"wp:term":[{"taxonomy":"category","embeddable":true,"href":"https:\/\/blogdorogeriogomes.com.br\/noticias\/wp-json\/wp\/v2\/categories?post=29469"},{"taxonomy":"post_tag","embeddable":true,"href":"https:\/\/blogdorogeriogomes.com.br\/noticias\/wp-json\/wp\/v2\/tags?post=29469"}],"curies":[{"name":"wp","href":"https:\/\/api.w.org\/{rel}","templated":true}]}}