{"id":29472,"date":"2023-06-01T10:34:10","date_gmt":"2023-06-01T10:34:10","guid":{"rendered":"https:\/\/blogdorogeriogomes.com.br\/?p=29472"},"modified":"2023-06-05T17:30:02","modified_gmt":"2023-06-05T17:30:02","slug":"camara-aprova-mp-de-estruturacao-dos-ministerios-de-lula-senado-analisa-projeto-nesta-quinta-feira","status":"publish","type":"post","link":"https:\/\/blogdorogeriogomes.com.br\/noticias\/2023\/06\/camara-aprova-mp-de-estruturacao-dos-ministerios-de-lula-senado-analisa-projeto-nesta-quinta-feira\/","title":{"rendered":"C\u00e2mara aprova MP de estrutura\u00e7\u00e3o dos minist\u00e9rios de Lula. Senado analisa projeto nesta quinta-feira"},"content":{"rendered":"\n<p>Ap\u00f3s muita negocia\u00e7\u00e3o e a interven\u00e7\u00e3o do pr\u00f3prio presidente Lula, a C\u00e2mara dos Deputados aprovou, na noite desta quarta-feira, dia 31 de maio, o texto-base da<strong>&nbsp;<\/strong>Medida Provis\u00f3ria que trata da reorganiza\u00e7\u00e3o dos minist\u00e9rios do Governo&nbsp;Federal. S\u00e3o 14 novos minist\u00e9rios criados por Lula. O texto teve&nbsp;337&nbsp;votos favor\u00e1veis e 125 contra. Houve tamb\u00e9m uma absten\u00e7\u00e3o.&nbsp;Parlamentares exigiam mais aten\u00e7\u00e3o do Planalto, que liberou R$ 1,7 bilh\u00e3o em emendas parlamentares.<\/p>\n\n\n\n<p>Editada pelo presidente em 2 de janeiro, a Medida Provis\u00f3ria perde a validade nesta quinta-feira, dia 1\u00b0 de junho, e precisa ser aprovada tamb\u00e9m pelo&nbsp;Senado. O presidente da Casa, Rodrigo Pacheco, realiza sess\u00e3o hoje e a aprova\u00e7\u00e3o da MP n\u00e3o deve ter problemas no Senado.<\/p>\n\n\n\n<p>O presidente da C\u00e2mara, Arthur Lira, e parlamentares do Centr\u00e3o cobram mudan\u00e7a na articula\u00e7\u00e3o pol\u00edtica de Lula e prometem travar at\u00e9 a pauta do Governo para buscar mais libera\u00e7\u00e3o de emendas, nomea\u00e7\u00f5es em cargos e tamb\u00e9m por mais espa\u00e7o no Executivo.<\/p>\n\n\n\n<figure class=\"wp-block-image size-full\"><img loading=\"lazy\" decoding=\"async\" width=\"768\" height=\"432\" src=\"https:\/\/blogdorogeriogomes.com.br\/wp-content\/uploads\/2023\/06\/img20230201104133481-768x512-1.jpg\" alt=\"\" class=\"wp-image-29473\" srcset=\"https:\/\/blogdorogeriogomes.com.br\/noticias\/wp-content\/uploads\/2023\/06\/img20230201104133481-768x512-1.jpg 768w, https:\/\/blogdorogeriogomes.com.br\/noticias\/wp-content\/uploads\/2023\/06\/img20230201104133481-768x512-1-300x169.jpg 300w\" sizes=\"auto, (max-width: 768px) 100vw, 768px\" \/><\/figure>\n\n\n\n<p><\/p>\n","protected":false},"excerpt":{"rendered":"<p>Ap\u00f3s muita negocia\u00e7\u00e3o e a interven\u00e7\u00e3o do pr\u00f3prio presidente Lula, a C\u00e2mara dos Deputados aprovou, na noite desta quarta-feira, dia 31 de maio, o texto-base da&nbsp;Medida Provis\u00f3ria que trata da reorganiza\u00e7\u00e3o dos minist\u00e9rios do Governo&nbsp;Federal. S\u00e3o 14 novos minist\u00e9rios criados por Lula. O texto teve&nbsp;337&nbsp;votos favor\u00e1veis e 125 contra. Houve tamb\u00e9m uma absten\u00e7\u00e3o.&nbsp;Parlamentares exigiam mais aten\u00e7\u00e3o do Planalto, que liberou R$ 1,7 bilh\u00e3o em emendas parlamentares. Editada pelo presidente em 2 de janeiro, a Medida Provis\u00f3ria perde a validade&hellip;<\/p>\n","protected":false},"author":1,"featured_media":29473,"comment_status":"open","ping_status":"open","sticky":false,"template":"","format":"standard","meta":{"footnotes":""},"categories":[1],"tags":[],"class_list":["post-29472","post","type-post","status-publish","format-standard","has-post-thumbnail","hentry","category-noticias"],"_links":{"self":[{"href":"https:\/\/blogdorogeriogomes.com.br\/noticias\/wp-json\/wp\/v2\/posts\/29472","targetHints":{"allow":["GET"]}}],"collection":[{"href":"https:\/\/blogdorogeriogomes.com.br\/noticias\/wp-json\/wp\/v2\/posts"}],"about":[{"href":"https:\/\/blogdorogeriogomes.com.br\/noticias\/wp-json\/wp\/v2\/types\/post"}],"author":[{"embeddable":true,"href":"https:\/\/blogdorogeriogomes.com.br\/noticias\/wp-json\/wp\/v2\/users\/1"}],"replies":[{"embeddable":true,"href":"https:\/\/blogdorogeriogomes.com.br\/noticias\/wp-json\/wp\/v2\/comments?post=29472"}],"version-history":[{"count":2,"href":"https:\/\/blogdorogeriogomes.com.br\/noticias\/wp-json\/wp\/v2\/posts\/29472\/revisions"}],"predecessor-version":[{"id":29511,"href":"https:\/\/blogdorogeriogomes.com.br\/noticias\/wp-json\/wp\/v2\/posts\/29472\/revisions\/29511"}],"wp:featuredmedia":[{"embeddable":true,"href":"https:\/\/blogdorogeriogomes.com.br\/noticias\/wp-json\/wp\/v2\/media\/29473"}],"wp:attachment":[{"href":"https:\/\/blogdorogeriogomes.com.br\/noticias\/wp-json\/wp\/v2\/media?parent=29472"}],"wp:term":[{"taxonomy":"category","embeddable":true,"href":"https:\/\/blogdorogeriogomes.com.br\/noticias\/wp-json\/wp\/v2\/categories?post=29472"},{"taxonomy":"post_tag","embeddable":true,"href":"https:\/\/blogdorogeriogomes.com.br\/noticias\/wp-json\/wp\/v2\/tags?post=29472"}],"curies":[{"name":"wp","href":"https:\/\/api.w.org\/{rel}","templated":true}]}}