{"id":29478,"date":"2023-06-01T23:39:43","date_gmt":"2023-06-01T23:39:43","guid":{"rendered":"https:\/\/blogdorogeriogomes.com.br\/?p=29478"},"modified":"2023-06-05T17:30:22","modified_gmt":"2023-06-05T17:30:22","slug":"ministerio-publico-do-ceara-empossa-33-novos-promotores","status":"publish","type":"post","link":"https:\/\/blogdorogeriogomes.com.br\/noticias\/2023\/06\/ministerio-publico-do-ceara-empossa-33-novos-promotores\/","title":{"rendered":"Minist\u00e9rio P\u00fablico do Cear\u00e1 empossa 33 novos promotores"},"content":{"rendered":"\n<p>O Minist\u00e9rio P\u00fablico do Estado do Cear\u00e1 empossou 33 novos Promotores de Justi\u00e7a, nesta quinta-feira, dia 1\u00ba de junho, na sede do MPCE, em Fortaleza. Da totalidade destes novos membros do MPCE, 25 s\u00e3o oriundos de estados da regi\u00e3o Nordeste, o que equivale a 75% dos Promotores empossados. Devidamente aprovados em um concorrido concurso p\u00fablico, os novos promotores t\u00eam origem nos estados do Cear\u00e1 (13), Bahia (4), Pernambuco (2), Para\u00edba (2), Piau\u00ed (2), Sergipe (1), Rio Grande do Norte (1), al\u00e9m de Goi\u00e1s (2), Rond\u00f4nia (1), Par\u00e1 (1), Paran\u00e1 (1), Rio de Janeiro (1) e no Distrito Federal (2).<\/p>\n\n\n\n<p>&#8220;Esse percentual expressivo demonstra a for\u00e7a dos profissionais do Direito no Minist\u00e9rio P\u00fablico no Nordeste, pois eles se empenham na defesa dos direitos e interesses da sociedade em geral, promovendo a igualdade social e lutando contra as pr\u00e1ticas prejudiciais \u00e0 coletividade&#8221;, disse o promotor Herbet Gon\u00e7alves Santos, Presidente da Associa\u00e7\u00e3o Cearense do Minist\u00e9rio P\u00fablico (ACMP).<\/p>\n\n\n\n<p>Entre os 13 cearenses da lista, oito s\u00e3o de Fortaleza, dois de Juazeiro do Norte, um de Potengi, um de Brejo Santo e um de Farias Brito. &#8220;Damos as boas-vindas aos novos integrantes do Minist\u00e9rio P\u00fablico cearense, na certeza de que sua atua\u00e7\u00e3o vai contribuir para a constru\u00e7\u00e3o de uma sociedade mais justa, segura e respeitosa&#8221;, observa Herbet Gon\u00e7alves.<\/p>\n\n\n\n<figure class=\"wp-block-image size-full\"><img loading=\"lazy\" decoding=\"async\" width=\"789\" height=\"548\" src=\"https:\/\/blogdorogeriogomes.com.br\/wp-content\/uploads\/2023\/06\/IMG-20230601-WA0111.jpg\" alt=\"\" class=\"wp-image-29479\" srcset=\"https:\/\/blogdorogeriogomes.com.br\/noticias\/wp-content\/uploads\/2023\/06\/IMG-20230601-WA0111.jpg 789w, https:\/\/blogdorogeriogomes.com.br\/noticias\/wp-content\/uploads\/2023\/06\/IMG-20230601-WA0111-300x208.jpg 300w, https:\/\/blogdorogeriogomes.com.br\/noticias\/wp-content\/uploads\/2023\/06\/IMG-20230601-WA0111-768x533.jpg 768w\" sizes=\"auto, (max-width: 789px) 100vw, 789px\" \/><\/figure>\n","protected":false},"excerpt":{"rendered":"<p>O Minist\u00e9rio P\u00fablico do Estado do Cear\u00e1 empossou 33 novos Promotores de Justi\u00e7a, nesta quinta-feira, dia 1\u00ba de junho, na sede do MPCE, em Fortaleza. Da totalidade destes novos membros do MPCE, 25 s\u00e3o oriundos de estados da regi\u00e3o Nordeste, o que equivale a 75% dos Promotores empossados. Devidamente aprovados em um concorrido concurso p\u00fablico, os novos promotores t\u00eam origem nos estados do Cear\u00e1 (13), Bahia (4), Pernambuco (2), Para\u00edba (2), Piau\u00ed (2), Sergipe (1), Rio Grande do Norte&hellip;<\/p>\n","protected":false},"author":1,"featured_media":29479,"comment_status":"open","ping_status":"open","sticky":false,"template":"","format":"standard","meta":{"footnotes":""},"categories":[1],"tags":[],"class_list":["post-29478","post","type-post","status-publish","format-standard","has-post-thumbnail","hentry","category-noticias"],"_links":{"self":[{"href":"https:\/\/blogdorogeriogomes.com.br\/noticias\/wp-json\/wp\/v2\/posts\/29478","targetHints":{"allow":["GET"]}}],"collection":[{"href":"https:\/\/blogdorogeriogomes.com.br\/noticias\/wp-json\/wp\/v2\/posts"}],"about":[{"href":"https:\/\/blogdorogeriogomes.com.br\/noticias\/wp-json\/wp\/v2\/types\/post"}],"author":[{"embeddable":true,"href":"https:\/\/blogdorogeriogomes.com.br\/noticias\/wp-json\/wp\/v2\/users\/1"}],"replies":[{"embeddable":true,"href":"https:\/\/blogdorogeriogomes.com.br\/noticias\/wp-json\/wp\/v2\/comments?post=29478"}],"version-history":[{"count":1,"href":"https:\/\/blogdorogeriogomes.com.br\/noticias\/wp-json\/wp\/v2\/posts\/29478\/revisions"}],"predecessor-version":[{"id":29480,"href":"https:\/\/blogdorogeriogomes.com.br\/noticias\/wp-json\/wp\/v2\/posts\/29478\/revisions\/29480"}],"wp:featuredmedia":[{"embeddable":true,"href":"https:\/\/blogdorogeriogomes.com.br\/noticias\/wp-json\/wp\/v2\/media\/29479"}],"wp:attachment":[{"href":"https:\/\/blogdorogeriogomes.com.br\/noticias\/wp-json\/wp\/v2\/media?parent=29478"}],"wp:term":[{"taxonomy":"category","embeddable":true,"href":"https:\/\/blogdorogeriogomes.com.br\/noticias\/wp-json\/wp\/v2\/categories?post=29478"},{"taxonomy":"post_tag","embeddable":true,"href":"https:\/\/blogdorogeriogomes.com.br\/noticias\/wp-json\/wp\/v2\/tags?post=29478"}],"curies":[{"name":"wp","href":"https:\/\/api.w.org\/{rel}","templated":true}]}}