{"id":29481,"date":"2023-06-01T23:46:08","date_gmt":"2023-06-01T23:46:08","guid":{"rendered":"https:\/\/blogdorogeriogomes.com.br\/?p=29481"},"modified":"2023-06-05T17:30:29","modified_gmt":"2023-06-05T17:30:29","slug":"camara-municipal-de-fortaleza-comeca-a-analisar-plano-municipal-de-cultura","status":"publish","type":"post","link":"https:\/\/blogdorogeriogomes.com.br\/noticias\/2023\/06\/camara-municipal-de-fortaleza-comeca-a-analisar-plano-municipal-de-cultura\/","title":{"rendered":"C\u00e2mara Municipal de Fortaleza come\u00e7a a analisar Plano Municipal de Cultura"},"content":{"rendered":"\n<p>O prefeito Jos\u00e9 Sarto enviou para a C\u00e2mara Municipal de Fortaleza o projeto de lei que institui o Plano Municipal de Cultura da Capital. O projeto foi lido em plen\u00e1rio e depois encaminhado para an\u00e1lise das comiss\u00f5es t\u00e9cnicas. <\/p>\n\n\n\n<p>O Plano Municipal de Cultura foi encaminhado pelo prefeito Jos\u00e9 Sarto, que promete definir uma pol\u00edtica permanente para apoiar as atividades art\u00edsticas e culturais da Capital. O plano ter\u00e1 pelo menos 10 anos e destina o m\u00ednimo de 1% do or\u00e7amento da Capital para o setor.<\/p>\n\n\n\n<p>Vereadores de Fortaleza pretendem apresentar sugest\u00f5es para incrementar o projeto que torna os incentivos culturais em pol\u00edtica da prefeitura, independente do gestor.<\/p>\n\n\n\n<p>O presidente da C\u00e2mara Municipal de Fortaleza, Gardel Rolim, acredita em uma tramita\u00e7\u00e3o r\u00e1pida do projeto no Legislativo Municipal.<\/p>\n\n\n\n<figure class=\"wp-block-image size-full\"><img loading=\"lazy\" decoding=\"async\" width=\"800\" height=\"533\" src=\"https:\/\/blogdorogeriogomes.com.br\/wp-content\/uploads\/2023\/06\/Presidente-da-camara-municipal-de-Fortaleza-Gardel-Rolim-17.jpg\" alt=\"\" class=\"wp-image-29482\" srcset=\"https:\/\/blogdorogeriogomes.com.br\/noticias\/wp-content\/uploads\/2023\/06\/Presidente-da-camara-municipal-de-Fortaleza-Gardel-Rolim-17.jpg 800w, https:\/\/blogdorogeriogomes.com.br\/noticias\/wp-content\/uploads\/2023\/06\/Presidente-da-camara-municipal-de-Fortaleza-Gardel-Rolim-17-300x200.jpg 300w, https:\/\/blogdorogeriogomes.com.br\/noticias\/wp-content\/uploads\/2023\/06\/Presidente-da-camara-municipal-de-Fortaleza-Gardel-Rolim-17-768x512.jpg 768w\" sizes=\"auto, (max-width: 800px) 100vw, 800px\" \/><\/figure>\n\n\n\n<p><\/p>\n","protected":false},"excerpt":{"rendered":"<p>O prefeito Jos\u00e9 Sarto enviou para a C\u00e2mara Municipal de Fortaleza o projeto de lei que institui o Plano Municipal de Cultura da Capital. O projeto foi lido em plen\u00e1rio e depois encaminhado para an\u00e1lise das comiss\u00f5es t\u00e9cnicas. O Plano Municipal de Cultura foi encaminhado pelo prefeito Jos\u00e9 Sarto, que promete definir uma pol\u00edtica permanente para apoiar as atividades art\u00edsticas e culturais da Capital. O plano ter\u00e1 pelo menos 10 anos e destina o m\u00ednimo de 1% do or\u00e7amento&hellip;<\/p>\n","protected":false},"author":1,"featured_media":29482,"comment_status":"open","ping_status":"open","sticky":false,"template":"","format":"standard","meta":{"footnotes":""},"categories":[1],"tags":[],"class_list":["post-29481","post","type-post","status-publish","format-standard","has-post-thumbnail","hentry","category-noticias"],"_links":{"self":[{"href":"https:\/\/blogdorogeriogomes.com.br\/noticias\/wp-json\/wp\/v2\/posts\/29481","targetHints":{"allow":["GET"]}}],"collection":[{"href":"https:\/\/blogdorogeriogomes.com.br\/noticias\/wp-json\/wp\/v2\/posts"}],"about":[{"href":"https:\/\/blogdorogeriogomes.com.br\/noticias\/wp-json\/wp\/v2\/types\/post"}],"author":[{"embeddable":true,"href":"https:\/\/blogdorogeriogomes.com.br\/noticias\/wp-json\/wp\/v2\/users\/1"}],"replies":[{"embeddable":true,"href":"https:\/\/blogdorogeriogomes.com.br\/noticias\/wp-json\/wp\/v2\/comments?post=29481"}],"version-history":[{"count":1,"href":"https:\/\/blogdorogeriogomes.com.br\/noticias\/wp-json\/wp\/v2\/posts\/29481\/revisions"}],"predecessor-version":[{"id":29483,"href":"https:\/\/blogdorogeriogomes.com.br\/noticias\/wp-json\/wp\/v2\/posts\/29481\/revisions\/29483"}],"wp:featuredmedia":[{"embeddable":true,"href":"https:\/\/blogdorogeriogomes.com.br\/noticias\/wp-json\/wp\/v2\/media\/29482"}],"wp:attachment":[{"href":"https:\/\/blogdorogeriogomes.com.br\/noticias\/wp-json\/wp\/v2\/media?parent=29481"}],"wp:term":[{"taxonomy":"category","embeddable":true,"href":"https:\/\/blogdorogeriogomes.com.br\/noticias\/wp-json\/wp\/v2\/categories?post=29481"},{"taxonomy":"post_tag","embeddable":true,"href":"https:\/\/blogdorogeriogomes.com.br\/noticias\/wp-json\/wp\/v2\/tags?post=29481"}],"curies":[{"name":"wp","href":"https:\/\/api.w.org\/{rel}","templated":true}]}}