{"id":29484,"date":"2023-06-02T10:29:42","date_gmt":"2023-06-02T10:29:42","guid":{"rendered":"https:\/\/blogdorogeriogomes.com.br\/?p=29484"},"modified":"2023-06-05T17:30:36","modified_gmt":"2023-06-05T17:30:36","slug":"tres-deputados-federais-cearenses-do-pl-estao-ameacados-pela-direcao-do-partido-por-terem-votado-favoraveis-ao-governo-lula","status":"publish","type":"post","link":"https:\/\/blogdorogeriogomes.com.br\/noticias\/2023\/06\/tres-deputados-federais-cearenses-do-pl-estao-ameacados-pela-direcao-do-partido-por-terem-votado-favoraveis-ao-governo-lula\/","title":{"rendered":"Tr\u00eas deputados federais cearenses do PL est\u00e3o amea\u00e7ados pela dire\u00e7\u00e3o do partido por terem votado favor\u00e1veis ao Governo Lula"},"content":{"rendered":"\n<p>A dire\u00e7\u00e3o nacional do PL, atrav\u00e9s do seu presidente Valdemar da Costa Neto, amea\u00e7a tr\u00eas deputados federais cearenses por terem votado de forma favor\u00e1vel ao Governo Lula na C\u00e2mara dos Deputados no projeto de estrutura\u00e7\u00e3o da Esplanada dos Minist\u00e9rios. S\u00e3o eles: Yuri do Pared\u00e3o, J\u00fanior Mano e Matheus Noronha. Da bancada de oposi\u00e7\u00e3o no Cear\u00e1, apenas dois deputados federais votaram contra o projeto: Dayane do Capit\u00e3o (Uni\u00e3o Brasil) e Andr\u00e9 Fernandes (PL).<\/p>\n\n\n\n<p>No Senado Federal, a Medida Provis\u00f3ria que reorganiza os minist\u00e9rios do governo de Lula teve 32 votos de vantagem. Dois deles partiram da bancada cearense, representada por Cid Gomes (PDT) e Augusta Brito (PT). Eduardo Gir\u00e3o (Novo) votou contra a mat\u00e9ria.<\/p>\n\n\n\n<figure class=\"wp-block-image size-full\"><img loading=\"lazy\" decoding=\"async\" width=\"818\" height=\"459\" src=\"https:\/\/blogdorogeriogomes.com.br\/wp-content\/uploads\/2023\/06\/1_deputados_pl-22160796.jpg\" alt=\"\" class=\"wp-image-29485\" srcset=\"https:\/\/blogdorogeriogomes.com.br\/noticias\/wp-content\/uploads\/2023\/06\/1_deputados_pl-22160796.jpg 818w, https:\/\/blogdorogeriogomes.com.br\/noticias\/wp-content\/uploads\/2023\/06\/1_deputados_pl-22160796-300x168.jpg 300w, https:\/\/blogdorogeriogomes.com.br\/noticias\/wp-content\/uploads\/2023\/06\/1_deputados_pl-22160796-768x431.jpg 768w, https:\/\/blogdorogeriogomes.com.br\/noticias\/wp-content\/uploads\/2023\/06\/1_deputados_pl-22160796-800x449.jpg 800w\" sizes=\"auto, (max-width: 818px) 100vw, 818px\" \/><\/figure>\n","protected":false},"excerpt":{"rendered":"<p>A dire\u00e7\u00e3o nacional do PL, atrav\u00e9s do seu presidente Valdemar da Costa Neto, amea\u00e7a tr\u00eas deputados federais cearenses por terem votado de forma favor\u00e1vel ao Governo Lula na C\u00e2mara dos Deputados no projeto de estrutura\u00e7\u00e3o da Esplanada dos Minist\u00e9rios. S\u00e3o eles: Yuri do Pared\u00e3o, J\u00fanior Mano e Matheus Noronha. Da bancada de oposi\u00e7\u00e3o no Cear\u00e1, apenas dois deputados federais votaram contra o projeto: Dayane do Capit\u00e3o (Uni\u00e3o Brasil) e Andr\u00e9 Fernandes (PL). No Senado Federal, a Medida Provis\u00f3ria que&hellip;<\/p>\n","protected":false},"author":1,"featured_media":29485,"comment_status":"open","ping_status":"open","sticky":false,"template":"","format":"standard","meta":{"footnotes":""},"categories":[1],"tags":[],"class_list":["post-29484","post","type-post","status-publish","format-standard","has-post-thumbnail","hentry","category-noticias"],"_links":{"self":[{"href":"https:\/\/blogdorogeriogomes.com.br\/noticias\/wp-json\/wp\/v2\/posts\/29484","targetHints":{"allow":["GET"]}}],"collection":[{"href":"https:\/\/blogdorogeriogomes.com.br\/noticias\/wp-json\/wp\/v2\/posts"}],"about":[{"href":"https:\/\/blogdorogeriogomes.com.br\/noticias\/wp-json\/wp\/v2\/types\/post"}],"author":[{"embeddable":true,"href":"https:\/\/blogdorogeriogomes.com.br\/noticias\/wp-json\/wp\/v2\/users\/1"}],"replies":[{"embeddable":true,"href":"https:\/\/blogdorogeriogomes.com.br\/noticias\/wp-json\/wp\/v2\/comments?post=29484"}],"version-history":[{"count":1,"href":"https:\/\/blogdorogeriogomes.com.br\/noticias\/wp-json\/wp\/v2\/posts\/29484\/revisions"}],"predecessor-version":[{"id":29486,"href":"https:\/\/blogdorogeriogomes.com.br\/noticias\/wp-json\/wp\/v2\/posts\/29484\/revisions\/29486"}],"wp:featuredmedia":[{"embeddable":true,"href":"https:\/\/blogdorogeriogomes.com.br\/noticias\/wp-json\/wp\/v2\/media\/29485"}],"wp:attachment":[{"href":"https:\/\/blogdorogeriogomes.com.br\/noticias\/wp-json\/wp\/v2\/media?parent=29484"}],"wp:term":[{"taxonomy":"category","embeddable":true,"href":"https:\/\/blogdorogeriogomes.com.br\/noticias\/wp-json\/wp\/v2\/categories?post=29484"},{"taxonomy":"post_tag","embeddable":true,"href":"https:\/\/blogdorogeriogomes.com.br\/noticias\/wp-json\/wp\/v2\/tags?post=29484"}],"curies":[{"name":"wp","href":"https:\/\/api.w.org\/{rel}","templated":true}]}}