{"id":29490,"date":"2023-06-02T11:04:34","date_gmt":"2023-06-02T11:04:34","guid":{"rendered":"https:\/\/blogdorogeriogomes.com.br\/?p=29490"},"modified":"2023-06-05T17:30:45","modified_gmt":"2023-06-05T17:30:45","slug":"indicado-por-lula-para-o-stf-zanin-vai-passar-por-sabatina-no-senado-federal","status":"publish","type":"post","link":"https:\/\/blogdorogeriogomes.com.br\/noticias\/2023\/06\/indicado-por-lula-para-o-stf-zanin-vai-passar-por-sabatina-no-senado-federal\/","title":{"rendered":"Indicado por Lula para o STF, Zanin vai passar por sabatina no Senado Federal"},"content":{"rendered":"\n<p>O advogado Cristiano Zanin foi indicado pelo presidente Lula para ocupar a vaga do ministro Ricardo Lewandowski no Supremo Tribunal Federal (STF). Zanin, que foi o advogado de Lula no processo da Lava Jato, ser\u00e1 submetido agora a uma sabatina no Senado Federal. S\u00e3o necess\u00e1rios ao menos 41 votos dos 81 senadores para sua aprova\u00e7\u00e3o. A sabatina deve ocorrer ainda neste m\u00eas de junho, antes do recesso parlamentar do meio do ano.<br>Ap\u00f3s ter o nome confirmado por Lula, Cristiano Zanin recebeu v\u00e1rios elogios de ministros do STF, parlamentares e at\u00e9 integrantes da oposi\u00e7\u00e3o. N\u00e3o deve haver dificuldades para aprova\u00e7\u00e3o do nome do advogado. Se Zanin tiver o nome aprovado, o plen\u00e1rio do STF voltar\u00e1 a ter tr\u00eas ministros que foram indicados por Lula em diferentes momentos. Se junta a Carmen L\u00facia (2006) e Dias Toffoli (2009).<\/p>\n\n\n\n<figure class=\"wp-block-image size-full\"><img loading=\"lazy\" decoding=\"async\" width=\"743\" height=\"413\" src=\"https:\/\/blogdorogeriogomes.com.br\/wp-content\/uploads\/2023\/06\/images-22.jpeg\" alt=\"\" class=\"wp-image-29491\" srcset=\"https:\/\/blogdorogeriogomes.com.br\/noticias\/wp-content\/uploads\/2023\/06\/images-22.jpeg 743w, https:\/\/blogdorogeriogomes.com.br\/noticias\/wp-content\/uploads\/2023\/06\/images-22-300x167.jpeg 300w\" sizes=\"auto, (max-width: 743px) 100vw, 743px\" \/><\/figure>\n","protected":false},"excerpt":{"rendered":"<p>O advogado Cristiano Zanin foi indicado pelo presidente Lula para ocupar a vaga do ministro Ricardo Lewandowski no Supremo Tribunal Federal (STF). Zanin, que foi o advogado de Lula no processo da Lava Jato, ser\u00e1 submetido agora a uma sabatina no Senado Federal. S\u00e3o necess\u00e1rios ao menos 41 votos dos 81 senadores para sua aprova\u00e7\u00e3o. A sabatina deve ocorrer ainda neste m\u00eas de junho, antes do recesso parlamentar do meio do ano.Ap\u00f3s ter o nome confirmado por Lula, Cristiano&hellip;<\/p>\n","protected":false},"author":1,"featured_media":29491,"comment_status":"open","ping_status":"open","sticky":false,"template":"","format":"standard","meta":{"footnotes":""},"categories":[1],"tags":[],"class_list":["post-29490","post","type-post","status-publish","format-standard","has-post-thumbnail","hentry","category-noticias"],"_links":{"self":[{"href":"https:\/\/blogdorogeriogomes.com.br\/noticias\/wp-json\/wp\/v2\/posts\/29490","targetHints":{"allow":["GET"]}}],"collection":[{"href":"https:\/\/blogdorogeriogomes.com.br\/noticias\/wp-json\/wp\/v2\/posts"}],"about":[{"href":"https:\/\/blogdorogeriogomes.com.br\/noticias\/wp-json\/wp\/v2\/types\/post"}],"author":[{"embeddable":true,"href":"https:\/\/blogdorogeriogomes.com.br\/noticias\/wp-json\/wp\/v2\/users\/1"}],"replies":[{"embeddable":true,"href":"https:\/\/blogdorogeriogomes.com.br\/noticias\/wp-json\/wp\/v2\/comments?post=29490"}],"version-history":[{"count":1,"href":"https:\/\/blogdorogeriogomes.com.br\/noticias\/wp-json\/wp\/v2\/posts\/29490\/revisions"}],"predecessor-version":[{"id":29492,"href":"https:\/\/blogdorogeriogomes.com.br\/noticias\/wp-json\/wp\/v2\/posts\/29490\/revisions\/29492"}],"wp:featuredmedia":[{"embeddable":true,"href":"https:\/\/blogdorogeriogomes.com.br\/noticias\/wp-json\/wp\/v2\/media\/29491"}],"wp:attachment":[{"href":"https:\/\/blogdorogeriogomes.com.br\/noticias\/wp-json\/wp\/v2\/media?parent=29490"}],"wp:term":[{"taxonomy":"category","embeddable":true,"href":"https:\/\/blogdorogeriogomes.com.br\/noticias\/wp-json\/wp\/v2\/categories?post=29490"},{"taxonomy":"post_tag","embeddable":true,"href":"https:\/\/blogdorogeriogomes.com.br\/noticias\/wp-json\/wp\/v2\/tags?post=29490"}],"curies":[{"name":"wp","href":"https:\/\/api.w.org\/{rel}","templated":true}]}}