{"id":29495,"date":"2023-06-03T20:10:28","date_gmt":"2023-06-03T20:10:28","guid":{"rendered":"https:\/\/blogdorogeriogomes.com.br\/?p=29495"},"modified":"2023-06-05T17:30:59","modified_gmt":"2023-06-05T17:30:59","slug":"consorcio-do-nordeste-firma-pacto-pela-busca-ativa-de-pessoas-em-situacao-de-vulnerabilidade-social","status":"publish","type":"post","link":"https:\/\/blogdorogeriogomes.com.br\/noticias\/2023\/06\/consorcio-do-nordeste-firma-pacto-pela-busca-ativa-de-pessoas-em-situacao-de-vulnerabilidade-social\/","title":{"rendered":"Cons\u00f3rcio do Nordeste firma pacto pela busca ativa de pessoas em situa\u00e7\u00e3o de vulnerabilidade social"},"content":{"rendered":"\n<p>Representando o Cear\u00e1, o governador Elmano de Freitas se reuniu, na \u00faltima sexta-feira, dia 2 de junho, em Natal, com demais representantes do Cons\u00f3rcio Nordeste para firmar um pacto pela busca ativa de pessoas em vulnerabilidade social. O objetivo do encontro foi intensificar a\u00e7\u00f5es para inser\u00e7\u00e3o de Grupos de Popula\u00e7\u00e3o Tradicionais e Espec\u00edficos (GPTEs) no Cadastro \u00danico e no Programa Bolsa Fam\u00edlia. Presente na celebra\u00e7\u00e3o do pacto, o ministro do Desenvolvimento e Assist\u00eancia Social, Fam\u00edlia e Combate \u00e0 Fome, Wellington Dias, recebeu a carta da C\u00e2mara Tem\u00e1tica de Assist\u00eancia Social das m\u00e3os dos secret\u00e1rios e secret\u00e1rias de prote\u00e7\u00e3o social da regi\u00e3o que estiveram reunidos desde o \u00faltimo dia 30 de maio na capital potiguar.<\/p>\n\n\n\n<p>Atualmente, cerca de 9,7 milh\u00f5es de fam\u00edlias s\u00e3o assistidas nos nove estados nordestinos pelo Programa Bolsa Fam\u00edlia. Desde mar\u00e7o, um milh\u00e3o de fam\u00edlias foram inclu\u00eddas no Programa em todo o pa\u00eds gra\u00e7as \u00e0 busca ativa. S\u00e3o pessoas que preenchem os requisitos para estar na lista e estavam fora at\u00e9 ent\u00e3o. Entre mar\u00e7o e abril, 808 mil fam\u00edlias foram inclu\u00eddas. Em maio, mais 200 mil.<\/p>\n\n\n\n<p>Com o pacto, a inten\u00e7\u00e3o \u00e9 fazer com que o benef\u00edcio chegue a quem realmente necessita. O investimento federal no Nordeste \u00e9 de mais de R$ 6,37 bilh\u00f5es. O valor do benef\u00edcio m\u00e9dio pago na regi\u00e3o \u00e9 de R$ 664,38, acima dos R$ 662 de abril.<\/p>\n\n\n\n<figure class=\"wp-block-image size-large\"><img loading=\"lazy\" decoding=\"async\" width=\"1024\" height=\"685\" src=\"https:\/\/blogdorogeriogomes.com.br\/wp-content\/uploads\/2023\/06\/IMG-20230603-WA0021-1024x685.jpg\" alt=\"\" class=\"wp-image-29496\" srcset=\"https:\/\/blogdorogeriogomes.com.br\/noticias\/wp-content\/uploads\/2023\/06\/IMG-20230603-WA0021-1024x685.jpg 1024w, https:\/\/blogdorogeriogomes.com.br\/noticias\/wp-content\/uploads\/2023\/06\/IMG-20230603-WA0021-300x201.jpg 300w, https:\/\/blogdorogeriogomes.com.br\/noticias\/wp-content\/uploads\/2023\/06\/IMG-20230603-WA0021-768x513.jpg 768w, https:\/\/blogdorogeriogomes.com.br\/noticias\/wp-content\/uploads\/2023\/06\/IMG-20230603-WA0021-800x535.jpg 800w, https:\/\/blogdorogeriogomes.com.br\/noticias\/wp-content\/uploads\/2023\/06\/IMG-20230603-WA0021.jpg 1080w\" sizes=\"auto, (max-width: 1024px) 100vw, 1024px\" \/><\/figure>\n","protected":false},"excerpt":{"rendered":"<p>Representando o Cear\u00e1, o governador Elmano de Freitas se reuniu, na \u00faltima sexta-feira, dia 2 de junho, em Natal, com demais representantes do Cons\u00f3rcio Nordeste para firmar um pacto pela busca ativa de pessoas em vulnerabilidade social. O objetivo do encontro foi intensificar a\u00e7\u00f5es para inser\u00e7\u00e3o de Grupos de Popula\u00e7\u00e3o Tradicionais e Espec\u00edficos (GPTEs) no Cadastro \u00danico e no Programa Bolsa Fam\u00edlia. Presente na celebra\u00e7\u00e3o do pacto, o ministro do Desenvolvimento e Assist\u00eancia Social, Fam\u00edlia e Combate \u00e0 Fome,&hellip;<\/p>\n","protected":false},"author":1,"featured_media":29496,"comment_status":"open","ping_status":"open","sticky":false,"template":"","format":"standard","meta":{"footnotes":""},"categories":[1],"tags":[],"class_list":["post-29495","post","type-post","status-publish","format-standard","has-post-thumbnail","hentry","category-noticias"],"_links":{"self":[{"href":"https:\/\/blogdorogeriogomes.com.br\/noticias\/wp-json\/wp\/v2\/posts\/29495","targetHints":{"allow":["GET"]}}],"collection":[{"href":"https:\/\/blogdorogeriogomes.com.br\/noticias\/wp-json\/wp\/v2\/posts"}],"about":[{"href":"https:\/\/blogdorogeriogomes.com.br\/noticias\/wp-json\/wp\/v2\/types\/post"}],"author":[{"embeddable":true,"href":"https:\/\/blogdorogeriogomes.com.br\/noticias\/wp-json\/wp\/v2\/users\/1"}],"replies":[{"embeddable":true,"href":"https:\/\/blogdorogeriogomes.com.br\/noticias\/wp-json\/wp\/v2\/comments?post=29495"}],"version-history":[{"count":1,"href":"https:\/\/blogdorogeriogomes.com.br\/noticias\/wp-json\/wp\/v2\/posts\/29495\/revisions"}],"predecessor-version":[{"id":29497,"href":"https:\/\/blogdorogeriogomes.com.br\/noticias\/wp-json\/wp\/v2\/posts\/29495\/revisions\/29497"}],"wp:featuredmedia":[{"embeddable":true,"href":"https:\/\/blogdorogeriogomes.com.br\/noticias\/wp-json\/wp\/v2\/media\/29496"}],"wp:attachment":[{"href":"https:\/\/blogdorogeriogomes.com.br\/noticias\/wp-json\/wp\/v2\/media?parent=29495"}],"wp:term":[{"taxonomy":"category","embeddable":true,"href":"https:\/\/blogdorogeriogomes.com.br\/noticias\/wp-json\/wp\/v2\/categories?post=29495"},{"taxonomy":"post_tag","embeddable":true,"href":"https:\/\/blogdorogeriogomes.com.br\/noticias\/wp-json\/wp\/v2\/tags?post=29495"}],"curies":[{"name":"wp","href":"https:\/\/api.w.org\/{rel}","templated":true}]}}