{"id":29498,"date":"2023-06-03T20:18:26","date_gmt":"2023-06-03T20:18:26","guid":{"rendered":"https:\/\/blogdorogeriogomes.com.br\/?p=29498"},"modified":"2023-06-05T17:31:07","modified_gmt":"2023-06-05T17:31:07","slug":"aliados-e-ex-aliados-politicos-prestigiam-a-posse-do-novo-presidente-do-tre-do-ceara","status":"publish","type":"post","link":"https:\/\/blogdorogeriogomes.com.br\/noticias\/2023\/06\/aliados-e-ex-aliados-politicos-prestigiam-a-posse-do-novo-presidente-do-tre-do-ceara\/","title":{"rendered":"Aliados e ex-aliados pol\u00edticos prestigiam a posse do novo presidente do TRE do Cear\u00e1"},"content":{"rendered":"\n<p>Os desembargadores Raimundo Nonato Silva Santos e Francisco Gladyson Pontes tomaram posse nos cargos de presidente e vice-presidente e corregedor do Tribunal Regional Eleitoral do Cear\u00e1 (TRE-CE), respectivamente, para o bi\u00eanio 2023-2025. Na solenidade, muitos aliados e ex-aliados pol\u00edticos. Compartilharam a mesa de honra, o governador do Estado, Elmano de Freitas; a vice-governadora, Jade Romero; o presidente da Assembleia Legislativa, Evandro S\u00e1 Barreto Leit\u00e3o; o presidente do Tribunal de Justi\u00e7a do Estado, desembargador Abelardo Benevides; o senador Cid Gomes; a senadora Augusta Brito; o deputado federal Eun\u00edcio Oliveira; o prefeito de Fortaleza, Jos\u00e9 Sarto; e o presidente da C\u00e2mara Municipal de Fortaleza, vereador Gardel Rolim. O ex-prefeito de Fortaleza, Roberto Cl\u00e1udio, tamb\u00e9m esteve presente ao evento.<\/p>\n\n\n\n<figure class=\"wp-block-image size-large\"><img loading=\"lazy\" decoding=\"async\" width=\"1024\" height=\"685\" src=\"https:\/\/blogdorogeriogomes.com.br\/wp-content\/uploads\/2023\/06\/IMG-20230603-WA0020-1024x685.jpg\" alt=\"\" class=\"wp-image-29499\" srcset=\"https:\/\/blogdorogeriogomes.com.br\/noticias\/wp-content\/uploads\/2023\/06\/IMG-20230603-WA0020-1024x685.jpg 1024w, https:\/\/blogdorogeriogomes.com.br\/noticias\/wp-content\/uploads\/2023\/06\/IMG-20230603-WA0020-300x201.jpg 300w, https:\/\/blogdorogeriogomes.com.br\/noticias\/wp-content\/uploads\/2023\/06\/IMG-20230603-WA0020-768x513.jpg 768w, https:\/\/blogdorogeriogomes.com.br\/noticias\/wp-content\/uploads\/2023\/06\/IMG-20230603-WA0020-800x535.jpg 800w, https:\/\/blogdorogeriogomes.com.br\/noticias\/wp-content\/uploads\/2023\/06\/IMG-20230603-WA0020.jpg 1080w\" sizes=\"auto, (max-width: 1024px) 100vw, 1024px\" \/><\/figure>\n","protected":false},"excerpt":{"rendered":"<p>Os desembargadores Raimundo Nonato Silva Santos e Francisco Gladyson Pontes tomaram posse nos cargos de presidente e vice-presidente e corregedor do Tribunal Regional Eleitoral do Cear\u00e1 (TRE-CE), respectivamente, para o bi\u00eanio 2023-2025. Na solenidade, muitos aliados e ex-aliados pol\u00edticos. Compartilharam a mesa de honra, o governador do Estado, Elmano de Freitas; a vice-governadora, Jade Romero; o presidente da Assembleia Legislativa, Evandro S\u00e1 Barreto Leit\u00e3o; o presidente do Tribunal de Justi\u00e7a do Estado, desembargador Abelardo Benevides; o senador Cid Gomes;&hellip;<\/p>\n","protected":false},"author":1,"featured_media":29499,"comment_status":"open","ping_status":"open","sticky":false,"template":"","format":"standard","meta":{"footnotes":""},"categories":[1],"tags":[],"class_list":["post-29498","post","type-post","status-publish","format-standard","has-post-thumbnail","hentry","category-noticias"],"_links":{"self":[{"href":"https:\/\/blogdorogeriogomes.com.br\/noticias\/wp-json\/wp\/v2\/posts\/29498","targetHints":{"allow":["GET"]}}],"collection":[{"href":"https:\/\/blogdorogeriogomes.com.br\/noticias\/wp-json\/wp\/v2\/posts"}],"about":[{"href":"https:\/\/blogdorogeriogomes.com.br\/noticias\/wp-json\/wp\/v2\/types\/post"}],"author":[{"embeddable":true,"href":"https:\/\/blogdorogeriogomes.com.br\/noticias\/wp-json\/wp\/v2\/users\/1"}],"replies":[{"embeddable":true,"href":"https:\/\/blogdorogeriogomes.com.br\/noticias\/wp-json\/wp\/v2\/comments?post=29498"}],"version-history":[{"count":1,"href":"https:\/\/blogdorogeriogomes.com.br\/noticias\/wp-json\/wp\/v2\/posts\/29498\/revisions"}],"predecessor-version":[{"id":29500,"href":"https:\/\/blogdorogeriogomes.com.br\/noticias\/wp-json\/wp\/v2\/posts\/29498\/revisions\/29500"}],"wp:featuredmedia":[{"embeddable":true,"href":"https:\/\/blogdorogeriogomes.com.br\/noticias\/wp-json\/wp\/v2\/media\/29499"}],"wp:attachment":[{"href":"https:\/\/blogdorogeriogomes.com.br\/noticias\/wp-json\/wp\/v2\/media?parent=29498"}],"wp:term":[{"taxonomy":"category","embeddable":true,"href":"https:\/\/blogdorogeriogomes.com.br\/noticias\/wp-json\/wp\/v2\/categories?post=29498"},{"taxonomy":"post_tag","embeddable":true,"href":"https:\/\/blogdorogeriogomes.com.br\/noticias\/wp-json\/wp\/v2\/tags?post=29498"}],"curies":[{"name":"wp","href":"https:\/\/api.w.org\/{rel}","templated":true}]}}