{"id":29501,"date":"2023-06-03T20:26:05","date_gmt":"2023-06-03T20:26:05","guid":{"rendered":"https:\/\/blogdorogeriogomes.com.br\/?p=29501"},"modified":"2023-06-05T17:31:18","modified_gmt":"2023-06-05T17:31:18","slug":"barra-do-ceara-recebe-primeiras-acoes-do-projeto-meu-bairro-nossa-camara","status":"publish","type":"post","link":"https:\/\/blogdorogeriogomes.com.br\/noticias\/2023\/06\/barra-do-ceara-recebe-primeiras-acoes-do-projeto-meu-bairro-nossa-camara\/","title":{"rendered":"Barra do Cear\u00e1 recebe primeiras a\u00e7\u00f5es do projeto &#8220;Meu Bairro, Nossa C\u00e2mara&#8221;"},"content":{"rendered":"\n<p>A Barra do Cear\u00e1 recebeu, s\u00e1bado passado, dia 3 de junho, a primeira edi\u00e7\u00e3o do projeto \u201cMeu Bairro, Nossa C\u00e2mara\u201d. Ao todo, a iniciativa da C\u00e2mara Municipal de Fortaleza visitar\u00e1 as 12 Regionais, com muita presta\u00e7\u00e3o de servi\u00e7os \u00e0 popula\u00e7\u00e3o.<\/p>\n\n\n\n<p>O projeto Meu Bairro, Nossa C\u00e2mara levou v\u00e1rios servi\u00e7os para a Barra do Cear\u00e1 e bairros vizinhos. Atendimentos de cidadania, sa\u00fade, lazer e tamb\u00e9m muita m\u00fasica, com a banda Integra\u00e7\u00e3o Cidad\u00e3, da Guarda Municipal de Fortaleza.<\/p>\n\n\n\n<p>O projeto da C\u00e2mara Municipal de visita aos bairros ser\u00e1 realizado uma vez por m\u00eas e deve chegar \u00e0s 12 regionais de Fortaleza. \u00c9 uma oportunidade tamb\u00e9m dos vereadores ouvirem de perto as demandas da popula\u00e7\u00e3o.<\/p>\n\n\n\n<p>O presidente da C\u00e2mara, Gardel Rolim, destacou o papel da Ouvidoria dentro do Meu Bairro, Nossa C\u00e2mara que tamb\u00e9m atua no papel de ouvir sugest\u00f5es da popula\u00e7\u00e3o, que podem vir se transformar em projetos de lei.<\/p>\n\n\n\n<figure class=\"wp-block-image size-full\"><img loading=\"lazy\" decoding=\"async\" width=\"578\" height=\"531\" src=\"https:\/\/blogdorogeriogomes.com.br\/wp-content\/uploads\/2023\/06\/images-23.jpeg\" alt=\"\" class=\"wp-image-29502\" srcset=\"https:\/\/blogdorogeriogomes.com.br\/noticias\/wp-content\/uploads\/2023\/06\/images-23.jpeg 578w, https:\/\/blogdorogeriogomes.com.br\/noticias\/wp-content\/uploads\/2023\/06\/images-23-300x276.jpeg 300w\" sizes=\"auto, (max-width: 578px) 100vw, 578px\" \/><\/figure>\n\n\n\n<p><\/p>\n","protected":false},"excerpt":{"rendered":"<p>A Barra do Cear\u00e1 recebeu, s\u00e1bado passado, dia 3 de junho, a primeira edi\u00e7\u00e3o do projeto \u201cMeu Bairro, Nossa C\u00e2mara\u201d. Ao todo, a iniciativa da C\u00e2mara Municipal de Fortaleza visitar\u00e1 as 12 Regionais, com muita presta\u00e7\u00e3o de servi\u00e7os \u00e0 popula\u00e7\u00e3o. O projeto Meu Bairro, Nossa C\u00e2mara levou v\u00e1rios servi\u00e7os para a Barra do Cear\u00e1 e bairros vizinhos. Atendimentos de cidadania, sa\u00fade, lazer e tamb\u00e9m muita m\u00fasica, com a banda Integra\u00e7\u00e3o Cidad\u00e3, da Guarda Municipal de Fortaleza. O projeto da&hellip;<\/p>\n","protected":false},"author":1,"featured_media":29502,"comment_status":"open","ping_status":"open","sticky":false,"template":"","format":"standard","meta":{"footnotes":""},"categories":[1],"tags":[],"class_list":["post-29501","post","type-post","status-publish","format-standard","has-post-thumbnail","hentry","category-noticias"],"_links":{"self":[{"href":"https:\/\/blogdorogeriogomes.com.br\/noticias\/wp-json\/wp\/v2\/posts\/29501","targetHints":{"allow":["GET"]}}],"collection":[{"href":"https:\/\/blogdorogeriogomes.com.br\/noticias\/wp-json\/wp\/v2\/posts"}],"about":[{"href":"https:\/\/blogdorogeriogomes.com.br\/noticias\/wp-json\/wp\/v2\/types\/post"}],"author":[{"embeddable":true,"href":"https:\/\/blogdorogeriogomes.com.br\/noticias\/wp-json\/wp\/v2\/users\/1"}],"replies":[{"embeddable":true,"href":"https:\/\/blogdorogeriogomes.com.br\/noticias\/wp-json\/wp\/v2\/comments?post=29501"}],"version-history":[{"count":1,"href":"https:\/\/blogdorogeriogomes.com.br\/noticias\/wp-json\/wp\/v2\/posts\/29501\/revisions"}],"predecessor-version":[{"id":29503,"href":"https:\/\/blogdorogeriogomes.com.br\/noticias\/wp-json\/wp\/v2\/posts\/29501\/revisions\/29503"}],"wp:featuredmedia":[{"embeddable":true,"href":"https:\/\/blogdorogeriogomes.com.br\/noticias\/wp-json\/wp\/v2\/media\/29502"}],"wp:attachment":[{"href":"https:\/\/blogdorogeriogomes.com.br\/noticias\/wp-json\/wp\/v2\/media?parent=29501"}],"wp:term":[{"taxonomy":"category","embeddable":true,"href":"https:\/\/blogdorogeriogomes.com.br\/noticias\/wp-json\/wp\/v2\/categories?post=29501"},{"taxonomy":"post_tag","embeddable":true,"href":"https:\/\/blogdorogeriogomes.com.br\/noticias\/wp-json\/wp\/v2\/tags?post=29501"}],"curies":[{"name":"wp","href":"https:\/\/api.w.org\/{rel}","templated":true}]}}