{"id":29504,"date":"2023-06-05T09:52:25","date_gmt":"2023-06-05T09:52:25","guid":{"rendered":"https:\/\/blogdorogeriogomes.com.br\/?p=29504"},"modified":"2023-06-05T17:31:24","modified_gmt":"2023-06-05T17:31:24","slug":"prefeito-jose-sarto-assina-ordem-de-servico-para-30-microparques-urbanos-e-anuncia-novas-estacoes-do-bicicletar","status":"publish","type":"post","link":"https:\/\/blogdorogeriogomes.com.br\/noticias\/2023\/06\/prefeito-jose-sarto-assina-ordem-de-servico-para-30-microparques-urbanos-e-anuncia-novas-estacoes-do-bicicletar\/","title":{"rendered":"Prefeito Jos\u00e9 Sarto assina ordem de servi\u00e7o para 30 Microparques Urbanos e anuncia novas esta\u00e7\u00f5es do Bicicletar"},"content":{"rendered":"\n<p>No Dia Mundial do Meio Ambiente, celebrado nesta segunda-feira, dia 5 de junho, o prefeito de Fortaleza, Jos\u00e9 Sarto (PDT), assina ordem de servi\u00e7o para a implanta\u00e7\u00e3o de 30 microparques em Fortaleza. O evento acontece no Anfiteatro do Pa\u00e7o Municipal.<\/p>\n\n\n\n<p>Os Microparques s\u00e3o pequenos parques urbanos naturalizados que tem o objetivo de transformar uma \u00e1rea degradada em um espa\u00e7o verde p\u00fablico para o lazer e contato com a natureza. Fortaleza possui hoje dois Microparques, na Cidade dos Funcion\u00e1rios e Barra do Cear\u00e1.<\/p>\n\n\n\n<p>No \u00faltimo s\u00e1bado, dia 3 de junho, o prefeito Jos\u00e9 Sarto entregou uma nova esta\u00e7\u00e3o do Bicicletar no parque Rachel de Queiroz, no bairro Presidente Kennedy. Desde o lan\u00e7amento em dezembro de 2014, o sistema de bicicletas compartilhadas teve seis milh\u00f5es de viagens.<\/p>\n\n\n\n<p>Atualmente, s\u00e3o 193 esta\u00e7\u00f5es em Fortaleza, com servi\u00e7o expandido para bairros como Bom Jardim, Barra do Cear\u00e1, Edson Queiroz e Messejana. A meta \u00e9 inaugurar mais 17 esta\u00e7\u00f5es at\u00e9 o pr\u00f3ximo ano.<\/p>\n\n\n\n<figure class=\"wp-block-image size-full\"><img loading=\"lazy\" decoding=\"async\" width=\"984\" height=\"578\" src=\"https:\/\/blogdorogeriogomes.com.br\/wp-content\/uploads\/2023\/06\/bicicletar2.thiago.jpg\" alt=\"\" class=\"wp-image-29505\" srcset=\"https:\/\/blogdorogeriogomes.com.br\/noticias\/wp-content\/uploads\/2023\/06\/bicicletar2.thiago.jpg 984w, https:\/\/blogdorogeriogomes.com.br\/noticias\/wp-content\/uploads\/2023\/06\/bicicletar2.thiago-300x176.jpg 300w, https:\/\/blogdorogeriogomes.com.br\/noticias\/wp-content\/uploads\/2023\/06\/bicicletar2.thiago-768x451.jpg 768w, https:\/\/blogdorogeriogomes.com.br\/noticias\/wp-content\/uploads\/2023\/06\/bicicletar2.thiago-800x470.jpg 800w\" sizes=\"auto, (max-width: 984px) 100vw, 984px\" \/><\/figure>\n\n\n\n<p><\/p>\n\n\n\n<p><\/p>\n\n\n\n<p><\/p>\n\n\n\n<p><\/p>\n","protected":false},"excerpt":{"rendered":"<p>No Dia Mundial do Meio Ambiente, celebrado nesta segunda-feira, dia 5 de junho, o prefeito de Fortaleza, Jos\u00e9 Sarto (PDT), assina ordem de servi\u00e7o para a implanta\u00e7\u00e3o de 30 microparques em Fortaleza. O evento acontece no Anfiteatro do Pa\u00e7o Municipal. Os Microparques s\u00e3o pequenos parques urbanos naturalizados que tem o objetivo de transformar uma \u00e1rea degradada em um espa\u00e7o verde p\u00fablico para o lazer e contato com a natureza. Fortaleza possui hoje dois Microparques, na Cidade dos Funcion\u00e1rios e&hellip;<\/p>\n","protected":false},"author":1,"featured_media":29505,"comment_status":"open","ping_status":"open","sticky":false,"template":"","format":"standard","meta":{"footnotes":""},"categories":[1],"tags":[],"class_list":["post-29504","post","type-post","status-publish","format-standard","has-post-thumbnail","hentry","category-noticias"],"_links":{"self":[{"href":"https:\/\/blogdorogeriogomes.com.br\/noticias\/wp-json\/wp\/v2\/posts\/29504","targetHints":{"allow":["GET"]}}],"collection":[{"href":"https:\/\/blogdorogeriogomes.com.br\/noticias\/wp-json\/wp\/v2\/posts"}],"about":[{"href":"https:\/\/blogdorogeriogomes.com.br\/noticias\/wp-json\/wp\/v2\/types\/post"}],"author":[{"embeddable":true,"href":"https:\/\/blogdorogeriogomes.com.br\/noticias\/wp-json\/wp\/v2\/users\/1"}],"replies":[{"embeddable":true,"href":"https:\/\/blogdorogeriogomes.com.br\/noticias\/wp-json\/wp\/v2\/comments?post=29504"}],"version-history":[{"count":1,"href":"https:\/\/blogdorogeriogomes.com.br\/noticias\/wp-json\/wp\/v2\/posts\/29504\/revisions"}],"predecessor-version":[{"id":29506,"href":"https:\/\/blogdorogeriogomes.com.br\/noticias\/wp-json\/wp\/v2\/posts\/29504\/revisions\/29506"}],"wp:featuredmedia":[{"embeddable":true,"href":"https:\/\/blogdorogeriogomes.com.br\/noticias\/wp-json\/wp\/v2\/media\/29505"}],"wp:attachment":[{"href":"https:\/\/blogdorogeriogomes.com.br\/noticias\/wp-json\/wp\/v2\/media?parent=29504"}],"wp:term":[{"taxonomy":"category","embeddable":true,"href":"https:\/\/blogdorogeriogomes.com.br\/noticias\/wp-json\/wp\/v2\/categories?post=29504"},{"taxonomy":"post_tag","embeddable":true,"href":"https:\/\/blogdorogeriogomes.com.br\/noticias\/wp-json\/wp\/v2\/tags?post=29504"}],"curies":[{"name":"wp","href":"https:\/\/api.w.org\/{rel}","templated":true}]}}